{"id":113911,"date":"2025-10-10T11:04:45","date_gmt":"2025-10-10T11:04:45","guid":{"rendered":"https:\/\/lygosclinic.com\/differences-entre-le-balayage-et-lombre\/"},"modified":"2025-12-15T06:40:07","modified_gmt":"2025-12-15T06:40:07","slug":"differences-entre-le-balayage-et-lombre","status":"publish","type":"post","link":"https:\/\/lygosclinic.com\/fr\/differences-entre-le-balayage-et-lombre\/","title":{"rendered":"Diff\u00e9rences entre le balayage et l&rsquo;ombre"},"content":{"rendered":"\t\t<div data-elementor-type=\"wp-post\" data-elementor-id=\"113911\" class=\"elementor elementor-113911 elementor-111808\" data-elementor-post-type=\"post\">\n\t\t\t\t\t\t<section class=\"wd-negative-gap elementor-section elementor-top-section elementor-element elementor-element-c50ea79 elementor-section-boxed elementor-section-height-default elementor-section-height-default\" data-id=\"c50ea79\" data-element_type=\"section\" data-e-type=\"section\">\n\t\t\t\t\t\t<div class=\"elementor-container elementor-column-gap-default\">\n\t\t\t\t\t<div class=\"elementor-column elementor-col-100 elementor-top-column elementor-element elementor-element-9fa9d49\" data-id=\"9fa9d49\" data-element_type=\"column\" data-e-type=\"column\">\n\t\t\t<div class=\"elementor-widget-wrap elementor-element-populated\">\n\t\t\t\t\t\t<div class=\"elementor-element elementor-element-a397f46 elementor-widget elementor-widget-table-of-contents\" data-id=\"a397f46\" data-element_type=\"widget\" data-e-type=\"widget\" data-settings=\"{&quot;headings_by_tags&quot;:[&quot;h1&quot;,&quot;h2&quot;],&quot;exclude_headings_by_selector&quot;:[],&quot;marker_view&quot;:&quot;bullets&quot;,&quot;icon&quot;:{&quot;value&quot;:&quot;fas fa-angle-right&quot;,&quot;library&quot;:&quot;fa-solid&quot;},&quot;no_headings_message&quot;:&quot;No headings were found on this page.&quot;,&quot;min_height&quot;:{&quot;unit&quot;:&quot;px&quot;,&quot;size&quot;:&quot;&quot;,&quot;sizes&quot;:[]},&quot;min_height_tablet&quot;:{&quot;unit&quot;:&quot;px&quot;,&quot;size&quot;:&quot;&quot;,&quot;sizes&quot;:[]},&quot;min_height_mobile&quot;:{&quot;unit&quot;:&quot;px&quot;,&quot;size&quot;:&quot;&quot;,&quot;sizes&quot;:[]}}\" data-widget_type=\"table-of-contents.default\">\n\t\t\t\t\t\t\t\t\t<div class=\"elementor-toc__header\">\n\t\t\t\t\t\t<h4 class=\"elementor-toc__header-title\">\n\t\t\t\tChose Your Topic\t\t\t<\/h4>\n\t\t\t\t\t\t\t\t<\/div>\n\t\t\t\t<div id=\"elementor-toc__a397f46\" class=\"elementor-toc__body\">\n\t\t\t<div class=\"elementor-toc__spinner-container\">\n\t\t\t\t<i class=\"elementor-toc__spinner eicon-animation-spin eicon-loading\" aria-hidden=\"true\"><\/i>\t\t\t<\/div>\n\t\t<\/div>\n\t\t\t\t\t\t<\/div>\n\t\t\t\t\t<\/div>\n\t\t<\/div>\n\t\t\t\t\t<\/div>\n\t\t<\/section>\n\t\t\t\t<section class=\"wd-negative-gap elementor-section elementor-top-section elementor-element elementor-element-a0a05a8 elementor-section-boxed elementor-section-height-default elementor-section-height-default\" data-id=\"a0a05a8\" data-element_type=\"section\" data-e-type=\"section\">\n\t\t\t\t\t\t<div class=\"elementor-container elementor-column-gap-default\">\n\t\t\t\t\t<div class=\"elementor-column elementor-col-100 elementor-top-column elementor-element elementor-element-91be21b\" data-id=\"91be21b\" data-element_type=\"column\" data-e-type=\"column\">\n\t\t\t<div class=\"elementor-widget-wrap elementor-element-populated\">\n\t\t\t\t\t\t<div class=\"elementor-element elementor-element-48f73cd elementor-widget elementor-widget-heading\" data-id=\"48f73cd\" data-element_type=\"widget\" data-e-type=\"widget\" data-widget_type=\"heading.default\">\n\t\t\t\t\t<h1 class=\"elementor-heading-title elementor-size-default\">Diff\u00e9rences entre le balayage et l'ombre<\/h1>\t\t\t\t<\/div>\n\t\t\t\t<div class=\"elementor-element elementor-element-e269a6e elementor-widget-divider--view-line elementor-widget elementor-widget-divider\" data-id=\"e269a6e\" data-element_type=\"widget\" data-e-type=\"widget\" data-widget_type=\"divider.default\">\n\t\t\t\t\t\t\t<div class=\"elementor-divider\">\n\t\t\t<span class=\"elementor-divider-separator\">\n\t\t\t\t\t\t<\/span>\n\t\t<\/div>\n\t\t\t\t\t\t<\/div>\n\t\t\t\t<div class=\"elementor-element elementor-element-d2822fe color-scheme-inherit text-left elementor-widget elementor-widget-text-editor\" data-id=\"d2822fe\" data-element_type=\"widget\" data-e-type=\"widget\" data-widget_type=\"text-editor.default\">\n\t\t\t\t\t\t\t\t\t<p>Alors que la mode capillaire \u00e9volue chaque ann\u00e9e, les techniques du balayage et de l&rsquo;ombre continuent d&rsquo;occuper une place de choix dans le monde de la beaut\u00e9. Cependant,<strong> beaucoup de gens ne comprennent pas bien la diff\u00e9rence entre ces deux m\u00e9thodes de coloration tr\u00e8s populaires.<\/strong> Comprendre les <strong>diff\u00e9rences entre le balayage et l&rsquo;ombre<\/strong> peut grandement am\u00e9liorer votre apparence et la sant\u00e9 de vos cheveux.<\/p>\n<p>Dans cet article, nous allons explorer ces deux techniques en d\u00e9tail afin de vous aider \u00e0 choisir celle qui vous convient le mieux.<\/p>\n\t\t\t\t\t\t\t\t<\/div>\n\t\t\t\t\t<\/div>\n\t\t<\/div>\n\t\t\t\t\t<\/div>\n\t\t<\/section>\n\t\t\t\t<section class=\"wd-negative-gap elementor-section elementor-top-section elementor-element elementor-element-029d7d6 elementor-section-boxed elementor-section-height-default elementor-section-height-default\" data-id=\"029d7d6\" data-element_type=\"section\" data-e-type=\"section\">\n\t\t\t\t\t\t<div class=\"elementor-container elementor-column-gap-default\">\n\t\t\t\t\t<div class=\"elementor-column elementor-col-100 elementor-top-column elementor-element elementor-element-7bfe91d\" data-id=\"7bfe91d\" data-element_type=\"column\" data-e-type=\"column\">\n\t\t\t<div class=\"elementor-widget-wrap elementor-element-populated\">\n\t\t\t\t\t\t<div class=\"elementor-element elementor-element-3558b69 elementor-widget elementor-widget-heading\" data-id=\"3558b69\" data-element_type=\"widget\" data-e-type=\"widget\" data-widget_type=\"heading.default\">\n\t\t\t\t\t<h1 class=\"elementor-heading-title elementor-size-default\">Qu'est-ce que le balayage ?<\/h1>\t\t\t\t<\/div>\n\t\t\t\t<div class=\"elementor-element elementor-element-55d2443 elementor-widget-divider--view-line elementor-widget elementor-widget-divider\" data-id=\"55d2443\" data-element_type=\"widget\" data-e-type=\"widget\" data-widget_type=\"divider.default\">\n\t\t\t\t\t\t\t<div class=\"elementor-divider\">\n\t\t\t<span class=\"elementor-divider-separator\">\n\t\t\t\t\t\t<\/span>\n\t\t<\/div>\n\t\t\t\t\t\t<\/div>\n\t\t\t\t<div class=\"elementor-element elementor-element-dec6177 color-scheme-inherit text-left elementor-widget elementor-widget-text-editor\" data-id=\"dec6177\" data-element_type=\"widget\" data-e-type=\"widget\" data-widget_type=\"text-editor.default\">\n\t\t\t\t\t\t\t\t\t<p><strong>\u00ab Balayage \u00bb<\/strong> est un mot fran\u00e7ais qui signifie \u00ab balayer \u00bb. En coiffure, il d\u00e9signe une technique de coloration \u00e0 main lev\u00e9e qui consiste \u00e0 peindre manuellement certaines m\u00e8ches de cheveux. <strong>Plut\u00f4t que de colorer toute la chevelure, certaines sections sont \u00e9claircies pour cr\u00e9er un effet naturel \u00ab ensoleill\u00e9 \u00bb.<\/strong><\/p>\n<p>Parmi les <strong>diff\u00e9rences entre le balayage et l&rsquo;ombre,<\/strong> la caract\u00e9ristique la plus frappante du balayage est ses transitions douces et naturelles. Les racines restent plus fonc\u00e9es tandis que les longueurs et les pointes s&rsquo;\u00e9claircissent progressivement, imitant les reflets naturels cr\u00e9\u00e9s par le soleil.<\/p>\n<p><strong>Le balayage peut \u00eatre appliqu\u00e9 \u00e0 l&rsquo;aide de diff\u00e9rentes nuances telles que caramel, miel, blond cendr\u00e9 ou pastel,<\/strong> adapt\u00e9es \u00e0 votre teint et \u00e0 votre type de cheveux. Pour celles qui pr\u00e9f\u00e8rent un look naturel, le balayage est un choix intemporel.<\/p>\n\t\t\t\t\t\t\t\t<\/div>\n\t\t\t\t\t<\/div>\n\t\t<\/div>\n\t\t\t\t\t<\/div>\n\t\t<\/section>\n\t\t\t\t<section class=\"wd-negative-gap elementor-section elementor-top-section elementor-element elementor-element-58441a6 elementor-section-boxed elementor-section-height-default elementor-section-height-default\" data-id=\"58441a6\" data-element_type=\"section\" data-e-type=\"section\">\n\t\t\t\t\t\t<div class=\"elementor-container elementor-column-gap-default\">\n\t\t\t\t\t<div class=\"elementor-column elementor-col-100 elementor-top-column elementor-element elementor-element-51b11e1\" data-id=\"51b11e1\" data-element_type=\"column\" data-e-type=\"column\">\n\t\t\t<div class=\"elementor-widget-wrap elementor-element-populated\">\n\t\t\t\t\t\t<div class=\"elementor-element elementor-element-2506fb1 elementor-widget elementor-widget-image\" data-id=\"2506fb1\" data-element_type=\"widget\" data-e-type=\"widget\" data-widget_type=\"image.default\">\n\t\t\t\t\t\t\t\t\t\t\t\t\t\t\t<img loading=\"lazy\" decoding=\"async\" width=\"1080\" height=\"400\" src=\"https:\/\/lygosclinic.com\/wp-content\/uploads\/2025\/10\/1_result-11.webp\" class=\"attachment-full size-full wp-image-111814\" alt=\"\" srcset=\"https:\/\/lygosclinic.com\/wp-content\/uploads\/2025\/10\/1_result-11.webp 1080w, https:\/\/lygosclinic.com\/wp-content\/uploads\/2025\/10\/1_result-11-400x148.webp 400w, https:\/\/lygosclinic.com\/wp-content\/uploads\/2025\/10\/1_result-11-768x284.webp 768w\" sizes=\"auto, (max-width: 1080px) 100vw, 1080px\" title=\"\">\t\t\t\t\t\t\t\t\t\t\t\t\t\t\t<\/div>\n\t\t\t\t<div class=\"elementor-element elementor-element-2f9cd57 elementor-widget elementor-widget-heading\" data-id=\"2f9cd57\" data-element_type=\"widget\" data-e-type=\"widget\" data-widget_type=\"heading.default\">\n\t\t\t\t\t<h2 class=\"elementor-heading-title elementor-size-default\">Qu'est-ce que l'ombre ?<\/h2>\t\t\t\t<\/div>\n\t\t\t\t<div class=\"elementor-element elementor-element-190bb3f elementor-widget-divider--view-line elementor-widget elementor-widget-divider\" data-id=\"190bb3f\" data-element_type=\"widget\" data-e-type=\"widget\" data-widget_type=\"divider.default\">\n\t\t\t\t\t\t\t<div class=\"elementor-divider\">\n\t\t\t<span class=\"elementor-divider-separator\">\n\t\t\t\t\t\t<\/span>\n\t\t<\/div>\n\t\t\t\t\t\t<\/div>\n\t\t\t\t<div class=\"elementor-element elementor-element-b84ad83 color-scheme-inherit text-left elementor-widget elementor-widget-text-editor\" data-id=\"b84ad83\" data-element_type=\"widget\" data-e-type=\"widget\" data-widget_type=\"text-editor.default\">\n\t\t\t\t\t\t\t\t\t<p>Le terme \u00ab <strong>ombr\u00e9<\/strong> \u00bb vient du mot fran\u00e7ais \u00ab ombre \u00bb et d\u00e9signe une technique de coloration o\u00f9 la transition entre les couleurs est plus marqu\u00e9e. Dans l&rsquo;ombr\u00e9, les racines restent fonc\u00e9es tandis que <strong>la couleur s&rsquo;\u00e9claircit progressivement vers les pointes, cr\u00e9ant ainsi un contraste saisissant et une profondeur visuelle.<\/strong><\/p>\n<p>En ce qui concerne les <strong>diff\u00e9rences entre le balayage et l&rsquo;ombre<\/strong>, cette derni\u00e8re se distingue par une transition plus marqu\u00e9e. Par exemple, des racines brun fonc\u00e9 peuvent progressivement s&rsquo;estomper vers des pointes blond platine. Cela fait de l&rsquo;ombre la solution id\u00e9ale pour celles qui recherchent un style audacieux et moderne.<\/p>\n<p><strong>R\u00e9cemment, des variantes telles que l&rsquo;ombre invers\u00e9e<\/strong> (o\u00f9 les racines sont plus claires et les pointes plus fonc\u00e9es)<strong> et l&rsquo;ombre color\u00e9e<\/strong> (avec des couleurs vives comme le rose, le bleu ou le violet) sont \u00e9galement devenues populaires.<\/p>\n\t\t\t\t\t\t\t\t<\/div>\n\t\t\t\t\t<\/div>\n\t\t<\/div>\n\t\t\t\t\t<\/div>\n\t\t<\/section>\n\t\t\t\t<section class=\"wd-negative-gap elementor-section elementor-top-section elementor-element elementor-element-2d54a5d elementor-section-boxed elementor-section-height-default elementor-section-height-default\" data-id=\"2d54a5d\" data-element_type=\"section\" data-e-type=\"section\">\n\t\t\t\t\t\t<div class=\"elementor-container elementor-column-gap-default\">\n\t\t\t\t\t<div class=\"elementor-column elementor-col-100 elementor-top-column elementor-element elementor-element-ba396e6\" data-id=\"ba396e6\" data-element_type=\"column\" data-e-type=\"column\">\n\t\t\t<div class=\"elementor-widget-wrap elementor-element-populated\">\n\t\t\t\t\t\t<div class=\"elementor-element elementor-element-87afebe elementor-widget elementor-widget-heading\" data-id=\"87afebe\" data-element_type=\"widget\" data-e-type=\"widget\" data-widget_type=\"heading.default\">\n\t\t\t\t\t<h2 class=\"elementor-heading-title elementor-size-default\">Diff\u00e9rences cl\u00e9s entre le balayage et l'ombre<\/h2>\t\t\t\t<\/div>\n\t\t\t\t<div class=\"elementor-element elementor-element-616f5c5 elementor-widget-divider--view-line elementor-widget elementor-widget-divider\" data-id=\"616f5c5\" data-element_type=\"widget\" data-e-type=\"widget\" data-widget_type=\"divider.default\">\n\t\t\t\t\t\t\t<div class=\"elementor-divider\">\n\t\t\t<span class=\"elementor-divider-separator\">\n\t\t\t\t\t\t<\/span>\n\t\t<\/div>\n\t\t\t\t\t\t<\/div>\n\t\t\t\t<div class=\"elementor-element elementor-element-34d7d38 color-scheme-inherit text-left elementor-widget elementor-widget-text-editor\" data-id=\"34d7d38\" data-element_type=\"widget\" data-e-type=\"widget\" data-widget_type=\"text-editor.default\">\n\t\t\t\t\t\t\t\t\t<p>Bien qu&rsquo;elles puissent sembler similaires, <strong>ces deux techniques diff\u00e8rent consid\u00e9rablement en termes d&rsquo;application, d&rsquo;apparence et d&rsquo;entretien.<\/strong><\/p>\n<p>Voici les principales diff\u00e9rences entre le balayage et l&rsquo;ombre :<\/p>\n\t\t\t\t\t\t\t\t<\/div>\n\t\t\t\t<div class=\"elementor-element elementor-element-e8ad5e1 elementor-list-item-link-full_width elementor-widget elementor-widget-icon-list\" data-id=\"e8ad5e1\" data-element_type=\"widget\" data-e-type=\"widget\" data-widget_type=\"icon-list.default\">\n\t\t\t\t\t\t\t<ul class=\"elementor-icon-list-items\">\n\t\t\t\t\t\t\t<li class=\"elementor-icon-list-item\">\n\t\t\t\t\t\t\t\t\t\t\t<span class=\"elementor-icon-list-icon\">\n\t\t\t\t\t\t\t<i aria-hidden=\"true\" class=\"fas fa-circle\"><\/i>\t\t\t\t\t\t<\/span>\n\t\t\t\t\t\t\t\t\t\t<span class=\"elementor-icon-list-text\"><b> Technique d'application : <\/b> Le balayage est appliqu\u00e9 \u00e0 main lev\u00e9e \u00e0 l'aide de coups de pinceau par le coiffeur, tandis que l'ombre implique des transitions plus structur\u00e9es et utilise souvent des papiers d'aluminium. Cela influe directement sur le rendu naturel du r\u00e9sultat final.<\/span>\n\t\t\t\t\t\t\t\t\t<\/li>\n\t\t\t\t\t\t\t\t<li class=\"elementor-icon-list-item\">\n\t\t\t\t\t\t\t\t\t\t\t<span class=\"elementor-icon-list-icon\">\n\t\t\t\t\t\t\t<i aria-hidden=\"true\" class=\"fas fa-circle\"><\/i>\t\t\t\t\t\t<\/span>\n\t\t\t\t\t\t\t\t\t\t<span class=\"elementor-icon-list-text\"><b>Apparence : <\/b> Le balayage imite les reflets naturels du soleil, tandis que l'ombre cr\u00e9e un d\u00e9grad\u00e9 plus net et plus spectaculaire. En d'autres termes, en ce qui concerne les diff\u00e9rences entre le balayage et l'ombre, le balayage met l'accent sur le naturel, tandis que l'ombre met l'accent sur le contraste.<\/span>\n\t\t\t\t\t\t\t\t\t<\/li>\n\t\t\t\t\t\t\t\t<li class=\"elementor-icon-list-item\">\n\t\t\t\t\t\t\t\t\t\t\t<span class=\"elementor-icon-list-icon\">\n\t\t\t\t\t\t\t<i aria-hidden=\"true\" class=\"fas fa-circle\"><\/i>\t\t\t\t\t\t<\/span>\n\t\t\t\t\t\t\t\t\t\t<span class=\"elementor-icon-list-text\"><b>Retouche des racines :<\/b> Le balayage ne touche pas les racines, il n\u00e9cessite donc peu d'entretien. L'ombre commence \u00e9galement loin des racines, mais le contraste peut rendre la repousse plus visible au fil du temps.<\/span>\n\t\t\t\t\t\t\t\t\t<\/li>\n\t\t\t\t\t\t\t\t<li class=\"elementor-icon-list-item\">\n\t\t\t\t\t\t\t\t\t\t\t<span class=\"elementor-icon-list-icon\">\n\t\t\t\t\t\t\t<i aria-hidden=\"true\" class=\"fas fa-circle\"><\/i>\t\t\t\t\t\t<\/span>\n\t\t\t\t\t\t\t\t\t\t<span class=\"elementor-icon-list-text\"><b>Dur\u00e9e de l'application :<\/b> Le balayage prend g\u00e9n\u00e9ralement plus de temps, car chaque m\u00e8che est peinte individuellement. L'ombre, qui couvre des sections plus larges, prend g\u00e9n\u00e9ralement moins de temps.<\/span>\n\t\t\t\t\t\t\t\t\t<\/li>\n\t\t\t\t\t\t\t\t<li class=\"elementor-icon-list-item\">\n\t\t\t\t\t\t\t\t\t\t\t<span class=\"elementor-icon-list-icon\">\n\t\t\t\t\t\t\t<i aria-hidden=\"true\" class=\"fas fa-circle\"><\/i>\t\t\t\t\t\t<\/span>\n\t\t\t\t\t\t\t\t\t\t<span class=\"elementor-icon-list-text\"><b>Adaptation selon le type de cheveux :<\/b> le balayage apporte de la dimension et du volume aux cheveux fins, tandis que l'ombre est particuli\u00e8rement mise en valeur sur les cheveux plus \u00e9pais. <\/span>\n\t\t\t\t\t\t\t\t\t<\/li>\n\t\t\t\t\t\t<\/ul>\n\t\t\t\t\t\t<\/div>\n\t\t\t\t<div class=\"elementor-element elementor-element-8e36ad0 color-scheme-inherit text-left elementor-widget elementor-widget-text-editor\" data-id=\"8e36ad0\" data-element_type=\"widget\" data-e-type=\"widget\" data-widget_type=\"text-editor.default\">\n\t\t\t\t\t\t\t\t\t<p>Ainsi, <strong>les diff\u00e9rences entre le balayage et l&rsquo;ombre<\/strong> sont \u00e9troitement li\u00e9es \u00e0 la texture des cheveux et au look souhait\u00e9.<\/p>\n\t\t\t\t\t\t\t\t<\/div>\n\t\t\t\t\t<\/div>\n\t\t<\/div>\n\t\t\t\t\t<\/div>\n\t\t<\/section>\n\t\t\t\t<section class=\"wd-negative-gap elementor-section elementor-top-section elementor-element elementor-element-a63a135 elementor-section-boxed elementor-section-height-default elementor-section-height-default\" data-id=\"a63a135\" data-element_type=\"section\" data-e-type=\"section\">\n\t\t\t\t\t\t<div class=\"elementor-container elementor-column-gap-default\">\n\t\t\t\t\t<div class=\"elementor-column elementor-col-100 elementor-top-column elementor-element elementor-element-997065f\" data-id=\"997065f\" data-element_type=\"column\" data-e-type=\"column\">\n\t\t\t<div class=\"elementor-widget-wrap elementor-element-populated\">\n\t\t\t\t\t\t<div class=\"elementor-element elementor-element-488873c elementor-widget elementor-widget-image\" data-id=\"488873c\" data-element_type=\"widget\" data-e-type=\"widget\" data-widget_type=\"image.default\">\n\t\t\t\t\t\t\t\t\t\t\t\t\t\t\t<img loading=\"lazy\" decoding=\"async\" width=\"1080\" height=\"400\" src=\"https:\/\/lygosclinic.com\/wp-content\/uploads\/2025\/10\/2_result-10.webp\" class=\"attachment-full size-full wp-image-111817\" alt=\"\" srcset=\"https:\/\/lygosclinic.com\/wp-content\/uploads\/2025\/10\/2_result-10.webp 1080w, https:\/\/lygosclinic.com\/wp-content\/uploads\/2025\/10\/2_result-10-400x148.webp 400w, https:\/\/lygosclinic.com\/wp-content\/uploads\/2025\/10\/2_result-10-768x284.webp 768w\" sizes=\"auto, (max-width: 1080px) 100vw, 1080px\" title=\"\">\t\t\t\t\t\t\t\t\t\t\t\t\t\t\t<\/div>\n\t\t\t\t<div class=\"elementor-element elementor-element-efba27a elementor-widget elementor-widget-heading\" data-id=\"efba27a\" data-element_type=\"widget\" data-e-type=\"widget\" data-widget_type=\"heading.default\">\n\t\t\t\t\t<h2 class=\"elementor-heading-title elementor-size-default\">Peut-on faire un balayage ou un ombr\u00e9 chez soi ?<\/h2>\t\t\t\t<\/div>\n\t\t\t\t<div class=\"elementor-element elementor-element-ce67cf7 elementor-widget-divider--view-line elementor-widget elementor-widget-divider\" data-id=\"ce67cf7\" data-element_type=\"widget\" data-e-type=\"widget\" data-widget_type=\"divider.default\">\n\t\t\t\t\t\t\t<div class=\"elementor-divider\">\n\t\t\t<span class=\"elementor-divider-separator\">\n\t\t\t\t\t\t<\/span>\n\t\t<\/div>\n\t\t\t\t\t\t<\/div>\n\t\t\t\t<div class=\"elementor-element elementor-element-1405564 color-scheme-inherit text-left elementor-widget elementor-widget-text-editor\" data-id=\"1405564\" data-element_type=\"widget\" data-e-type=\"widget\" data-widget_type=\"text-editor.default\">\n\t\t\t\t\t\t\t\t\t<p>Beaucoup de gens essaient de cr\u00e9er ces transitions de couleurs chez eux. Cependant, <strong>les diff\u00e9rences entre le balayage et l&rsquo;ombre<\/strong> sont \u00e9galement \u00e9videntes dans la difficult\u00e9 de chaque technique.<\/p>\n<p><strong>Le balayage \u00e0 domicile n\u00e9cessite un travail pr\u00e9cis au pinceau, une s\u00e9lection appropri\u00e9e des couleurs et une application \u00e9quilibr\u00e9e.<\/strong> Une petite erreur peut entra\u00eener une couleur in\u00e9gale et irr\u00e9guli\u00e8re. L&rsquo;ombre n\u00e9cessite \u00e9galement des comp\u00e9tences professionnelles pour obtenir des transitions harmonieuses.<\/p>\n<p><strong>Il existe des kits sp\u00e9ciaux de balayage et d&rsquo;ombre \u00e0 faire soi-m\u00eame<\/strong>, mais pour un r\u00e9sultat naturel et sain, il est fortement recommand\u00e9 de consulter un coiffeur exp\u00e9riment\u00e9. <strong>Les professionnels savent comment appliquer correctement ces techniques<\/strong>, garantissant ainsi que <strong>les diff\u00e9rences entre le balayage et l&rsquo;ombre<\/strong> mettent en valeur votre look sans ab\u00eemer vos cheveux.<\/p>\n\t\t\t\t\t\t\t\t<\/div>\n\t\t\t\t\t<\/div>\n\t\t<\/div>\n\t\t\t\t\t<\/div>\n\t\t<\/section>\n\t\t\t\t<section class=\"wd-negative-gap elementor-section elementor-top-section elementor-element elementor-element-32858ca elementor-section-boxed elementor-section-height-default elementor-section-height-default\" data-id=\"32858ca\" data-element_type=\"section\" data-e-type=\"section\">\n\t\t\t\t\t\t<div class=\"elementor-container elementor-column-gap-default\">\n\t\t\t\t\t<div class=\"elementor-column elementor-col-100 elementor-top-column elementor-element elementor-element-dcee723\" data-id=\"dcee723\" data-element_type=\"column\" data-e-type=\"column\">\n\t\t\t<div class=\"elementor-widget-wrap elementor-element-populated\">\n\t\t\t\t\t\t<div class=\"elementor-element elementor-element-0d3869c elementor-widget elementor-widget-heading\" data-id=\"0d3869c\" data-element_type=\"widget\" data-e-type=\"widget\" data-widget_type=\"heading.default\">\n\t\t\t\t\t<h2 class=\"elementor-heading-title elementor-size-default\">Prix du balayage et de l'ombre en 2025<\/h2>\t\t\t\t<\/div>\n\t\t\t\t<div class=\"elementor-element elementor-element-9b06609 elementor-widget-divider--view-line elementor-widget elementor-widget-divider\" data-id=\"9b06609\" data-element_type=\"widget\" data-e-type=\"widget\" data-widget_type=\"divider.default\">\n\t\t\t\t\t\t\t<div class=\"elementor-divider\">\n\t\t\t<span class=\"elementor-divider-separator\">\n\t\t\t\t\t\t<\/span>\n\t\t<\/div>\n\t\t\t\t\t\t<\/div>\n\t\t\t\t<div class=\"elementor-element elementor-element-1a09671 color-scheme-inherit text-left elementor-widget elementor-widget-text-editor\" data-id=\"1a09671\" data-element_type=\"widget\" data-e-type=\"widget\" data-widget_type=\"text-editor.default\">\n\t\t\t\t\t\t\t\t\t<p>En 2025, le co\u00fbt de ces services de coloration varie en fonction de la marque de teinture, de l&rsquo;exp\u00e9rience du coiffeur, de la longueur des cheveux et de la ville.<\/p>\n<p>M\u00eame en termes de prix, <strong>les diff\u00e9rences entre le balayage et l&rsquo;ombr<\/strong>e sont visibles :<\/p>\n\t\t\t\t\t\t\t\t<\/div>\n\t\t\t\t<div class=\"elementor-element elementor-element-7138398 elementor-list-item-link-full_width elementor-widget elementor-widget-icon-list\" data-id=\"7138398\" data-element_type=\"widget\" data-e-type=\"widget\" data-widget_type=\"icon-list.default\">\n\t\t\t\t\t\t\t<ul class=\"elementor-icon-list-items\">\n\t\t\t\t\t\t\t<li class=\"elementor-icon-list-item\">\n\t\t\t\t\t\t\t\t\t\t\t<span class=\"elementor-icon-list-icon\">\n\t\t\t\t\t\t\t<i aria-hidden=\"true\" class=\"fas fa-circle\"><\/i>\t\t\t\t\t\t<\/span>\n\t\t\t\t\t\t\t\t\t\t<span class=\"elementor-icon-list-text\"><b>Prix du balayage (2025) : <\/b>g\u00e9n\u00e9ralement compris entre 2 000 TL et 6 000 TL. Le prix d\u00e9pend de la longueur des cheveux et de la qualit\u00e9 de la teinture.<\/span>\n\t\t\t\t\t\t\t\t\t<\/li>\n\t\t\t\t\t\t\t\t<li class=\"elementor-icon-list-item\">\n\t\t\t\t\t\t\t\t\t\t\t<span class=\"elementor-icon-list-icon\">\n\t\t\t\t\t\t\t<i aria-hidden=\"true\" class=\"fas fa-circle\"><\/i>\t\t\t\t\t\t<\/span>\n\t\t\t\t\t\t\t\t\t\t<span class=\"elementor-icon-list-text\"><b>Prix Ombre (2025) :  <\/b>Ils varient g\u00e9n\u00e9ralement entre 1 500 TL et 5 000 TL. Plus il y a de nuances, plus le co\u00fbt est \u00e9lev\u00e9.<\/span>\n\t\t\t\t\t\t\t\t\t<\/li>\n\t\t\t\t\t\t<\/ul>\n\t\t\t\t\t\t<\/div>\n\t\t\t\t<div class=\"elementor-element elementor-element-f90195d color-scheme-inherit text-left elementor-widget elementor-widget-text-editor\" data-id=\"f90195d\" data-element_type=\"widget\" data-e-type=\"widget\" data-widget_type=\"text-editor.default\">\n\t\t\t\t\t\t\t\t\t<p>Dans les grandes villes comme Istanbul, Ankara et Izmir, les prix ont tendance \u00e0 \u00eatre plus \u00e9lev\u00e9s, mais une application professionnelle garantit la sant\u00e9 de vos cheveux, ce qui en vaut largement l&rsquo;investissement.<\/p>\n\t\t\t\t\t\t\t\t<\/div>\n\t\t\t\t\t<\/div>\n\t\t<\/div>\n\t\t\t\t\t<\/div>\n\t\t<\/section>\n\t\t\t\t<section class=\"wd-negative-gap elementor-section elementor-top-section elementor-element elementor-element-85c2fa5 elementor-section-boxed elementor-section-height-default elementor-section-height-default\" data-id=\"85c2fa5\" data-element_type=\"section\" data-e-type=\"section\">\n\t\t\t\t\t\t<div class=\"elementor-container elementor-column-gap-default\">\n\t\t\t\t\t<div class=\"elementor-column elementor-col-100 elementor-top-column elementor-element elementor-element-b7fc734\" data-id=\"b7fc734\" data-element_type=\"column\" data-e-type=\"column\">\n\t\t\t<div class=\"elementor-widget-wrap elementor-element-populated\">\n\t\t\t\t\t\t<div class=\"elementor-element elementor-element-305daa5 elementor-widget elementor-widget-image\" data-id=\"305daa5\" data-element_type=\"widget\" data-e-type=\"widget\" data-widget_type=\"image.default\">\n\t\t\t\t\t\t\t\t\t\t\t\t\t\t\t<img loading=\"lazy\" decoding=\"async\" width=\"1080\" height=\"400\" src=\"https:\/\/lygosclinic.com\/wp-content\/uploads\/2025\/10\/3_result-10.webp\" class=\"attachment-full size-full wp-image-111820\" alt=\"\" srcset=\"https:\/\/lygosclinic.com\/wp-content\/uploads\/2025\/10\/3_result-10.webp 1080w, https:\/\/lygosclinic.com\/wp-content\/uploads\/2025\/10\/3_result-10-400x148.webp 400w, https:\/\/lygosclinic.com\/wp-content\/uploads\/2025\/10\/3_result-10-768x284.webp 768w\" sizes=\"auto, (max-width: 1080px) 100vw, 1080px\" title=\"\">\t\t\t\t\t\t\t\t\t\t\t\t\t\t\t<\/div>\n\t\t\t\t<div class=\"elementor-element elementor-element-4d24fde elementor-widget elementor-widget-heading\" data-id=\"4d24fde\" data-element_type=\"widget\" data-e-type=\"widget\" data-widget_type=\"heading.default\">\n\t\t\t\t\t<h2 class=\"elementor-heading-title elementor-size-default\">Balayage ou ombr\u00e9 : lequel choisir ?<\/h2>\t\t\t\t<\/div>\n\t\t\t\t<div class=\"elementor-element elementor-element-48d4641 elementor-widget-divider--view-line elementor-widget elementor-widget-divider\" data-id=\"48d4641\" data-element_type=\"widget\" data-e-type=\"widget\" data-widget_type=\"divider.default\">\n\t\t\t\t\t\t\t<div class=\"elementor-divider\">\n\t\t\t<span class=\"elementor-divider-separator\">\n\t\t\t\t\t\t<\/span>\n\t\t<\/div>\n\t\t\t\t\t\t<\/div>\n\t\t\t\t<div class=\"elementor-element elementor-element-5f6278b color-scheme-inherit text-left elementor-widget elementor-widget-text-editor\" data-id=\"5f6278b\" data-element_type=\"widget\" data-e-type=\"widget\" data-widget_type=\"text-editor.default\">\n\t\t\t\t\t\t\t\t\t<p>Maintenant vient la grande question : \u00ab<strong> Balayage ou ombr\u00e9 ?<\/strong> \u00bb<br \/>La r\u00e9ponse d\u00e9pend de votre style personnel, de votre type de cheveux et de l&rsquo;effet souhait\u00e9.<\/p>\n<p>Voici quelques conseils rapides pour vous aider \u00e0 prendre une d\u00e9cision :<\/p>\n\t\t\t\t\t\t\t\t<\/div>\n\t\t\t\t<div class=\"elementor-element elementor-element-dff87a1 elementor-list-item-link-full_width elementor-widget elementor-widget-icon-list\" data-id=\"dff87a1\" data-element_type=\"widget\" data-e-type=\"widget\" data-widget_type=\"icon-list.default\">\n\t\t\t\t\t\t\t<ul class=\"elementor-icon-list-items\">\n\t\t\t\t\t\t\t<li class=\"elementor-icon-list-item\">\n\t\t\t\t\t\t\t\t\t\t\t<span class=\"elementor-icon-list-icon\">\n\t\t\t\t\t\t\t<i aria-hidden=\"true\" class=\"fas fa-circle\"><\/i>\t\t\t\t\t\t<\/span>\n\t\t\t\t\t\t\t\t\t\t<span class=\"elementor-icon-list-text\"><b>Pour un look naturel, optez pour le balayage :  <\/b> Si vous souhaitez des cheveux \u00e9claircis par le soleil et sans effort, le balayage est parfait. Il est id\u00e9al pour celles qui pr\u00e9f\u00e8rent un style subtil mais \u00e9l\u00e9gant, parfait pour un look professionnel ou quotidien.<\/span>\n\t\t\t\t\t\t\t\t\t<\/li>\n\t\t\t\t\t\t\t\t<li class=\"elementor-icon-list-item\">\n\t\t\t\t\t\t\t\t\t\t\t<span class=\"elementor-icon-list-icon\">\n\t\t\t\t\t\t\t<i aria-hidden=\"true\" class=\"fas fa-circle\"><\/i>\t\t\t\t\t\t<\/span>\n\t\t\t\t\t\t\t\t\t\t<span class=\"elementor-icon-list-text\"><b> Pour un look audacieux, optez pour l'ombre :  <\/b>Si vous voulez une coiffure remarquable, moderne et dynamique, l'ombre est la solution id\u00e9ale. Son fort contraste de couleurs ajoute du volume et du mouvement \u00e0 vos cheveux.<\/span>\n\t\t\t\t\t\t\t\t\t<\/li>\n\t\t\t\t\t\t<\/ul>\n\t\t\t\t\t\t<\/div>\n\t\t\t\t<div class=\"elementor-element elementor-element-f1e4165 color-scheme-inherit text-left elementor-widget elementor-widget-text-editor\" data-id=\"f1e4165\" data-element_type=\"widget\" data-e-type=\"widget\" data-widget_type=\"text-editor.default\">\n\t\t\t\t\t\t\t\t\t<p><strong>La couleur de votre peau a \u00e9galement son importance.<\/strong> Les teints clairs s&rsquo;accordent bien avec <strong>les tons cendr\u00e9s ou beiges ; les teints moyens sont mis en valeur par les nuances miel ou caramel<\/strong> ; et les peaux plus fonc\u00e9es ou bronz\u00e9es brillent avec des tons plus chauds en ombr\u00e9.<\/p>\n<p>En r\u00e9sum\u00e9, <strong>les diff\u00e9rences entre le balayage et l&rsquo;ombr\u00e9<\/strong> vous aident \u00e0 refl\u00e9ter votre style personnel :<\/p>\n<p>le balayage offre douceur et \u00e9l\u00e9gance, tandis que <strong>l&rsquo;ombr\u00e9 apporte contraste et audace. Q<\/strong>uel que soit votre choix, les deux techniques ajoutent de la luminosit\u00e9, de la profondeur et du caract\u00e8re \u00e0 vos cheveux lorsqu&rsquo;elles sont r\u00e9alis\u00e9es correctement.<\/p>\n\t\t\t\t\t\t\t\t<\/div>\n\t\t\t\t<div class=\"elementor-element elementor-element-a66badc elementor-widget elementor-widget-wd_button\" data-id=\"a66badc\" data-element_type=\"widget\" data-e-type=\"widget\" data-widget_type=\"wd_button.default\">\n\t\t\t\t<div class=\"elementor-widget-container\">\n\t\t\t\t\t\t\t<div class=\"wd-button-wrapper text-center\" >\n\t\t\t<a class=\"btn btn-style-default btn-shape-semi-round btn-size-extra-large btn-color-primary btn-icon-pos-right\"  href=\"https:\/\/lygosclinic.com\/contact-us\/\">\n\t\t\t\t<span class=\"wd-btn-text\" data-elementor-setting-key=\"text\">\n\t\t\t\t\tCONTACTEZ-NOUS\t\t\t\t<\/span>\n\n\t\t\t\t\t\t\t<\/a>\n\t\t<\/div>\n\t\t\t\t\t\t<\/div>\n\t\t\t\t<\/div>\n\t\t\t\t\t<\/div>\n\t\t<\/div>\n\t\t\t\t\t<\/div>\n\t\t<\/section>\n\t\t\t\t<section class=\"wd-negative-gap elementor-section elementor-top-section elementor-element elementor-element-ad0a2c4 elementor-section-boxed elementor-section-height-default elementor-section-height-default\" data-id=\"ad0a2c4\" data-element_type=\"section\" data-e-type=\"section\">\n\t\t\t\t\t\t<div class=\"elementor-container elementor-column-gap-default\">\n\t\t\t\t\t<div class=\"elementor-column elementor-col-100 elementor-top-column elementor-element elementor-element-5418745\" data-id=\"5418745\" data-element_type=\"column\" data-e-type=\"column\">\n\t\t\t<div class=\"elementor-widget-wrap elementor-element-populated\">\n\t\t\t\t\t\t<div class=\"elementor-element elementor-element-f7dce6e elementor-widget elementor-widget-heading\" data-id=\"f7dce6e\" data-element_type=\"widget\" data-e-type=\"widget\" data-widget_type=\"heading.default\">\n\t\t\t\t\t<h3 class=\"elementor-heading-title elementor-size-default\">Diff\u00e9rences entre le balayage et l'ombre FAQ (Foire aux questions)<\/h3>\t\t\t\t<\/div>\n\t\t\t\t<div class=\"elementor-element elementor-element-039e218 elementor-widget-divider--view-line elementor-widget elementor-widget-divider\" data-id=\"039e218\" data-element_type=\"widget\" data-e-type=\"widget\" data-widget_type=\"divider.default\">\n\t\t\t\t\t\t\t<div class=\"elementor-divider\">\n\t\t\t<span class=\"elementor-divider-separator\">\n\t\t\t\t\t\t<\/span>\n\t\t<\/div>\n\t\t\t\t\t\t<\/div>\n\t\t\t\t<div class=\"elementor-element elementor-element-5bd6234 elementor-widget elementor-widget-wd_accordion\" data-id=\"5bd6234\" data-element_type=\"widget\" data-e-type=\"widget\" id=\"capillaryacc\" data-widget_type=\"wd_accordion.default\">\n\t\t\t\t<div class=\"elementor-widget-container\">\n\t\t\t\t\t\n\t\t<div class=\"wd-accordion wd-style-shadow wd-titles-left wd-opener-pos-left wd-opener-style-plus\" data-state=\"all_closed\">\n\t\t\t\t\t\t\t\n\t\t\t\t<div class=\"wd-accordion-item\">\n\t\t\t\t\t<div class=\"wd-accordion-title wd-role-btn\" data-accordion-index=\"0\" tabindex=\"0\">\n\t\t\t\t\t\t<div class=\"wd-accordion-title-text\">\n\t\t\t\t\t\t\t\t\t\t\t\t\t\t<span>\n\t\t\t\t\t\t\t\tLe balayage et l&#039;ombre sont-ils la m\u00eame chose ?\t\t\t\t\t\t\t<\/span>\n\t\t\t\t\t\t<\/div>\n\t\t\t\t\t\t<span class=\"wd-accordion-opener\"><\/span>\n\t\t\t\t\t<\/div>\n\n\t\t\t\t\t<div class=\"wd-accordion-content wd-entry-content\" data-accordion-index=\"0\">\n\t\t\t\t\t\t\t\t\t\t\t\t\t\n\t\t\t\t\t\t\t<p>Non, ce n'est pas le cas. La diff\u00e9rence la plus notable r\u00e9side dans la technique d'application. Le balayage consiste \u00e0 peindre certaines m\u00e8ches \u00e0 l'aide d'un pinceau pour obtenir un effet de m\u00e8ches naturelles, tandis que l'ombre se caract\u00e9rise par une transition de couleur plus marqu\u00e9e entre les racines fonc\u00e9es et les pointes plus claires. Le balayage donne un r\u00e9sultat plus doux, tandis que l'ombre est plus frappant.<\/p>\n\t\t\t\t\t\t\t\t\t\t\t\t\t\t\t\t\t\t<\/div>\n\t\t\t\t<\/div>\n\t\t\t\t\t\t\t\n\t\t\t\t<div class=\"wd-accordion-item\">\n\t\t\t\t\t<div class=\"wd-accordion-title wd-role-btn\" data-accordion-index=\"1\" tabindex=\"0\">\n\t\t\t\t\t\t<div class=\"wd-accordion-title-text\">\n\t\t\t\t\t\t\t\t\t\t\t\t\t\t<span>\n\t\t\t\t\t\t\t\tQu&#039;est-ce qui semble le plus naturel, le balayage ou l&#039;ombre ?\t\t\t\t\t\t\t<\/span>\n\t\t\t\t\t\t<\/div>\n\t\t\t\t\t\t<span class=\"wd-accordion-opener\"><\/span>\n\t\t\t\t\t<\/div>\n\n\t\t\t\t\t<div class=\"wd-accordion-content wd-entry-content\" data-accordion-index=\"1\">\n\t\t\t\t\t\t\t\t\t\t\t\t\t\n\t\t\t\t\t\t\t<p>Pour un r\u00e9sultat plus naturel, le balayage est le meilleur choix. Il donne un \u00e9clat subtil, comme embrass\u00e9 par le soleil. L'ombre est plus contrast\u00e9e et plus visible.<br \/>En r\u00e9sum\u00e9 : balayage = naturel, ombre = audacieux.<\/p>\n\t\t\t\t\t\t\t\t\t\t\t\t\t\t\t\t\t\t<\/div>\n\t\t\t\t<\/div>\n\t\t\t\t\t\t\t\n\t\t\t\t<div class=\"wd-accordion-item\">\n\t\t\t\t\t<div class=\"wd-accordion-title wd-role-btn\" data-accordion-index=\"2\" tabindex=\"0\">\n\t\t\t\t\t\t<div class=\"wd-accordion-title-text\">\n\t\t\t\t\t\t\t\t\t\t\t\t\t\t<span>\n\t\t\t\t\t\t\t\tPuis-je faire un balayage ou un ombr\u00e9 chez moi ?\t\t\t\t\t\t\t<\/span>\n\t\t\t\t\t\t<\/div>\n\t\t\t\t\t\t<span class=\"wd-accordion-opener\"><\/span>\n\t\t\t\t\t<\/div>\n\n\t\t\t\t\t<div class=\"wd-accordion-content wd-entry-content\" data-accordion-index=\"2\">\n\t\t\t\t\t\t\t\t\t\t\t\t\t\n\t\t\t\t\t\t\t<p>C'est possible, mais il est difficile d'obtenir des r\u00e9sultats professionnels. Les deux techniques reposent en grande partie sur des transitions de couleurs harmonieuses.<br \/>Comme les diff\u00e9rences entre le balayage et l'ombre impliquent \u00e9galement une technique, une erreur peut entra\u00eener une couleur in\u00e9gale. Il est recommand\u00e9 de faire appel \u00e0 un coiffeur professionnel.<\/p>\n\t\t\t\t\t\t\t\t\t\t\t\t\t\t\t\t\t\t<\/div>\n\t\t\t\t<\/div>\n\t\t\t\t\t\t\t\n\t\t\t\t<div class=\"wd-accordion-item\">\n\t\t\t\t\t<div class=\"wd-accordion-title wd-role-btn\" data-accordion-index=\"3\" tabindex=\"0\">\n\t\t\t\t\t\t<div class=\"wd-accordion-title-text\">\n\t\t\t\t\t\t\t\t\t\t\t\t\t\t<span>\n\t\t\t\t\t\t\t\tLe balayage ou l&#039;ombre ab\u00eement-ils les cheveux ?\t\t\t\t\t\t\t<\/span>\n\t\t\t\t\t\t<\/div>\n\t\t\t\t\t\t<span class=\"wd-accordion-opener\"><\/span>\n\t\t\t\t\t<\/div>\n\n\t\t\t\t\t<div class=\"wd-accordion-content wd-entry-content\" data-accordion-index=\"3\">\n\t\t\t\t\t\t\t\t\t\t\t\t\t\n\t\t\t\t\t\t\t<p>Lorsqu'elles sont r\u00e9alis\u00e9es correctement, ces deux techniques peuvent \u00eatre sans danger pour vos cheveux. Cependant, l'utilisation de produits de mauvaise qualit\u00e9 ou un traitement excessif peuvent causer des dommages. Pour conserver des cheveux en bonne sant\u00e9, utilisez des masques hydratants et des shampooings protecteurs de couleur apr\u00e8s le traitement.\n\t\t\t\t\t\t\t\t\t\t\t\t\t\t\t\t\t\t<\/div>\n\t\t\t\t<\/div>\n\t\t\t\t\t\t\t\n\t\t\t\t<div class=\"wd-accordion-item\">\n\t\t\t\t\t<div class=\"wd-accordion-title wd-role-btn\" data-accordion-index=\"4\" tabindex=\"0\">\n\t\t\t\t\t\t<div class=\"wd-accordion-title-text\">\n\t\t\t\t\t\t\t\t\t\t\t\t\t\t<span>\n\t\t\t\t\t\t\t\tQuel type de cheveux convient le mieux au balayage ou \u00e0 l&#039;ombre ?\t\t\t\t\t\t\t<\/span>\n\t\t\t\t\t\t<\/div>\n\t\t\t\t\t\t<span class=\"wd-accordion-opener\"><\/span>\n\t\t\t\t\t<\/div>\n\n\t\t\t\t\t<div class=\"wd-accordion-content wd-entry-content\" data-accordion-index=\"4\">\n\t\t\t\t\t\t\t\t\t\t\t\t\t\n\t\t\t\t\t\t\t<p>Le balayage apporte du volume aux cheveux fins et raides, tandis que l'ombre ressort davantage sur les cheveux \u00e9pais et longs.<br \/>Pour les cheveux boucl\u00e9s, le balayage fonctionne \u00e0 merveille, car les m\u00e8ches refl\u00e8tent naturellement la lumi\u00e8re entre les boucles.<br \/>Ainsi, les diff\u00e9rences entre le balayage et l'ombre peuvent \u00e9galement vous guider en fonction de la texture de vos cheveux.<\/p>\n\t\t\t\t\t\t\t\t\t\t\t\t\t\t\t\t\t\t<\/div>\n\t\t\t\t<\/div>\n\t\t\t\t\t<\/div>\n\t\t\t\t\t\t<\/div>\n\t\t\t\t<\/div>\n\t\t\t\t\t<\/div>\n\t\t<\/div>\n\t\t\t\t\t<\/div>\n\t\t<\/section>\n\t\t\t\t<\/div>\n\t\t","protected":false},"excerpt":{"rendered":"<p>Chose Your Topic Diff\u00e9rences entre le balayage et l&rsquo;ombre Alors que la mode capillaire \u00e9volue chaque ann\u00e9e, les techniques du<\/p>\n","protected":false},"author":5,"featured_media":111811,"comment_status":"open","ping_status":"open","sticky":false,"template":"","format":"standard","meta":{"footnotes":""},"categories":[1405],"tags":[1504],"class_list":["post-113911","post","type-post","status-publish","format-standard","has-post-thumbnail","hentry","category-greffe-de-cheveux","tag-differences-entre-le-balayage-et-lombre"],"_links":{"self":[{"href":"https:\/\/lygosclinic.com\/fr\/wp-json\/wp\/v2\/posts\/113911","targetHints":{"allow":["GET"]}}],"collection":[{"href":"https:\/\/lygosclinic.com\/fr\/wp-json\/wp\/v2\/posts"}],"about":[{"href":"https:\/\/lygosclinic.com\/fr\/wp-json\/wp\/v2\/types\/post"}],"author":[{"embeddable":true,"href":"https:\/\/lygosclinic.com\/fr\/wp-json\/wp\/v2\/users\/5"}],"replies":[{"embeddable":true,"href":"https:\/\/lygosclinic.com\/fr\/wp-json\/wp\/v2\/comments?post=113911"}],"version-history":[{"count":4,"href":"https:\/\/lygosclinic.com\/fr\/wp-json\/wp\/v2\/posts\/113911\/revisions"}],"predecessor-version":[{"id":113915,"href":"https:\/\/lygosclinic.com\/fr\/wp-json\/wp\/v2\/posts\/113911\/revisions\/113915"}],"wp:featuredmedia":[{"embeddable":true,"href":"https:\/\/lygosclinic.com\/fr\/wp-json\/wp\/v2\/media\/111811"}],"wp:attachment":[{"href":"https:\/\/lygosclinic.com\/fr\/wp-json\/wp\/v2\/media?parent=113911"}],"wp:term":[{"taxonomy":"category","embeddable":true,"href":"https:\/\/lygosclinic.com\/fr\/wp-json\/wp\/v2\/categories?post=113911"},{"taxonomy":"post_tag","embeddable":true,"href":"https:\/\/lygosclinic.com\/fr\/wp-json\/wp\/v2\/tags?post=113911"}],"curies":[{"name":"wp","href":"https:\/\/api.w.org\/{rel}","templated":true}]}}