{"id":94432,"date":"2025-01-30T14:32:24","date_gmt":"2025-01-30T14:32:24","guid":{"rendered":"https:\/\/lygosclinic.com\/?p=94432"},"modified":"2025-01-30T14:43:26","modified_gmt":"2025-01-30T14:43:26","slug":"conor-mcgregor-sac-ekimi","status":"publish","type":"post","link":"https:\/\/lygosclinic.com\/tr\/conor-mcgregor-sac-ekimi\/","title":{"rendered":"Conor McGregor Sa\u00e7 Ekimi | \u00dcnl\u00fclerin Sa\u00e7 Ekimi"},"content":{"rendered":"\n<h2 class=\"wp-block-heading\" style=\"color:#383838;font-size:21px;margin-top:-20px;text-decoration:underline #4A5E6E;text-underline-offset:10px;font-weight:500;line-height:40px;letter-spacing:-0.4px;\">Conor McGregor Sa\u00e7 Ekimi<\/h2>\n\n\n\n<p style=\"font-size:14px;text-align:justify;line-height:30px;color:#494949;letter-spacing:-0.1px;margin-top:-12px;\">Sa\u00e7 ekimleri, \u00f6zellikle \u00fcnl\u00fclerin d\u00f6n\u00fc\u015f\u00fcmleriyle dikkat \u00e7ekerken pop\u00fcler bir konu haline geldi. B\u00f6yle bir \u00f6rnek, cesur ki\u015fili\u011fi ve keskin g\u00f6r\u00fcn\u00fcm\u00fcyle tan\u0131nan d\u00fcnyaca \u00fcnl\u00fc karma d\u00f6v\u00fc\u015f sanat\u00e7\u0131s\u0131 Conor McGregor\u2019dur. Zaman i\u00e7inde, Conor McGregor\u2019un sa\u00e7 \u00e7izgisindeki de\u011fi\u015fiklikler, hem hayranlar\u0131n\u0131n hem de medyan\u0131n ilgisini \u00e7ekti ve bu durum, olas\u0131 bir sa\u00e7 ekimi hakk\u0131nda spek\u00fclasyonlara yol a\u00e7t\u0131. Bu makale, Conor McGregor\u2019un s\u00f6ylentilere konu olan <b>sa\u00e7 restorasyon yolculu\u011funu, kullan\u0131lan teknikleri ve etkileyici \u00f6nce ve sonra<\/b> sonu\u00e7lar\u0131n\u0131 ele almaktad\u0131r. <b>Conor McGregor sa\u00e7 ekimi<\/b>, ba\u015far\u0131l\u0131 sa\u00e7 restorasyon i\u015flemleriyle \u00f6zde\u015fle\u015fmi\u015f ve benzer sonu\u00e7lar arayan bir\u00e7ok ki\u015finin dikkatini \u00e7ekmi\u015ftir.<\/p>\n\n\n\n<h2 class=\"wp-block-heading\" style=\"color:#383838;font-size:22px;margin-top:5px;text-decoration:underline #4A5E6E;text-underline-offset:12px;font-weight:500;line-height:40px;letter-spacing:-0.3px;\">Conor McGregor Kimdir?<\/h2>\n\n\n\n<figure class=\"wp-block-image size-full is-resized\"><img decoding=\"async\" src=\"https:\/\/lygosclinic.com\/wp-content\/uploads\/2025\/01\/conor-mcgregor-kimdir.webp\" alt=\"Conor McGregor Kimdir?\" class=\"wp-image-77483\" style=\"height:auto\" title=\"\"><\/figure>\n\n\n\n<p style=\"font-size:14px;text-align:justify;line-height:28px;color:#494949;margin-top:5px;letter-spacing:-0.15px;\"><b>14 Temmuz 1988\u2019de Dublin, \u0130rlanda\u2019da do\u011fan<\/b> McGregor, d\u00fcnyan\u0131n en \u00fcnl\u00fc karma d\u00f6v\u00fc\u015f sanat\u00e7\u0131lar\u0131 aras\u0131nda yer almakta ve eski bir <b>UFC \u015fampiyonudur<\/b>. Keskin zekas\u0131, karizmas\u0131 ve inan\u0131lmaz d\u00f6v\u00fc\u015f becerileriyle tan\u0131nan McGregor, iki farkl\u0131 s\u0131klet dal\u0131nda \u015fampiyonluklar kazanarak MMA d\u00fcnyas\u0131nda bir efsane haline gelmi\u015ftir. Octagon d\u0131\u015f\u0131nda, McGregor ayn\u0131 zamanda Proper No. <\/p>\n\n\n\n<p style=\"font-size:14px;text-align:justify;line-height:28px;color:#494949;margin-top:5px;letter-spacing:-0.15px;\">Twelve viskisi ve cesur ki\u015fili\u011fini yans\u0131tan giyim markalar\u0131 gibi ba\u015far\u0131l\u0131 bir giri\u015fimcidir.\r\nMcGregor\u2019un \u015f\u00f6hrete giden yolu kolay olmad\u0131. Bir tesisat\u00e7\u0131n\u0131n \u00e7\u0131ra\u011f\u0131 olarak ba\u015flad\u0131\u011f\u0131 yolculu\u011fu, onu d\u00f6v\u00fc\u015f sporlar\u0131n\u0131n en b\u00fcy\u00fck ismi yapm\u0131\u015ft\u0131r ve bu hikaye, azim ve \u00e7al\u0131\u015fkanl\u0131\u011f\u0131n bir kan\u0131t\u0131d\u0131r. \u00d6nemli ba\u015far\u0131lar\u0131na ra\u011fmen, hayranlar\u0131 onun g\u00f6r\u00fcn\u00fcm\u00fcnde, \u00f6zellikle sa\u00e7 \u00e7izgisinde de\u011fi\u015fiklikler fark etti ve bu durum, potansiyel bir <b>sa\u00e7 restorasyonu<\/b> prosed\u00fcr\u00fc hakk\u0131nda tart\u0131\u015fmalara yol a\u00e7t\u0131. <b>Conor McGregor sa\u00e7 ekimi<\/b>, onun de\u011fi\u015fen g\u00f6r\u00fcn\u00fcm\u00fc hakk\u0131nda yap\u0131lan tart\u0131\u015fmalarda s\u0131k\u00e7a yer almaktad\u0131r.<\/p>\n\n\n\n<h2 class=\"wp-block-heading\" style=\"color:#383838;font-size:22px;margin-top:5px;text-decoration:underline #4A5E6E;text-underline-offset:11px;font-weight:500;line-height:45px;\">Conor McGregor Sa\u00e7 D\u00f6k\u00fclmesi<\/h2>\n\n\n\n<figure class=\"wp-block-image size-full is-resized\"><img decoding=\"async\" src=\"https:\/\/lygosclinic.com\/wp-content\/uploads\/2025\/01\/conor-mcgregor-sac-dokulmesi.webp\" alt=\"Conor McGregor Sa\u00e7 D\u00f6k\u00fclmesi\" class=\"wp-image-77483\" style=\"height:auto\" title=\"\"><\/figure>\n\n\n\n<p style=\"font-size:14px;text-align:justify;line-height:28px;color:#494949;margin-top:2px;letter-spacing:-0.15px;\"><b>Sa\u00e7 d\u00f6k\u00fclmesi<\/b>, d\u00fcnya \u00e7ap\u0131nda erkekler aras\u0131nda yayg\u0131n bir sorun olup, <b>Conor McGregor<\/b> gibi y\u00fcksek profilli fig\u00fcrlerin bile bu yayg\u0131n sorunla kar\u015f\u0131la\u015ft\u0131\u011f\u0131 g\u00f6r\u00fclmektedir. McGregor\u2019un kariyerinin ba\u015flar\u0131ndaki foto\u011fraflar, \u00f6zellikle \u015fakaklar\u0131 etraf\u0131nda gerileyen bir sa\u00e7 \u00e7izgisi g\u00f6stermektedir. Bu sa\u00e7 d\u00f6k\u00fclme modeli, ya\u015fland\u0131k\u00e7a bir\u00e7ok erke\u011fi etkileyen genetik bir durum olan erkek tipi kellik ile uyumludur.<\/p>\n\n\n\n<p style=\"font-size:14px;text-align:justify;line-height:28px;color:#494949;margin-top:2px;letter-spacing:-0.15px;\">McGregor \u00fcn kazand\u0131k\u00e7a, hayranlar ve medya, sa\u00e7\u0131n\u0131n kal\u0131nl\u0131\u011f\u0131ndaki ve yo\u011funlu\u011fundaki de\u011fi\u015fiklikleri fark etmeye ba\u015flad\u0131. Baz\u0131lar\u0131 bunu do\u011fal ya\u015flanma veya strese ba\u011flarken, di\u011ferleri McGregor\u2019un sa\u00e7\u0131n\u0131 restore etmek i\u00e7in profesyonel yard\u0131m alm\u0131\u015f olabilece\u011fini \u00f6ne s\u00fcrd\u00fc. McGregor\u2019un daha dolgun ve sa\u011fl\u0131kl\u0131 bir sa\u00e7 \u00e7izgisiyle kamuya \u00e7\u0131kt\u0131\u011f\u0131 d\u00f6nemle birlikte konu daha da pop\u00fclerle\u015fti. <b>Conor McGregor sa\u00e7 ekimi<\/b>, onun olas\u0131 prosed\u00fcr\u00fc hakk\u0131nda yap\u0131lan spek\u00fclasyonlarda s\u0131k\u00e7a ge\u00e7mektedir.<\/p>\n\n\n\n<h2 class=\"wp-block-heading\" style=\"color:#383838;font-size:22px;margin-top:5px;text-decoration:underline #4A5E6E;text-underline-offset:11px;font-weight:500;line-height:45px;\">Conor McGregor Sa\u00e7 Ekimi Yapt\u0131rd\u0131 m\u0131?<\/h2>\n\n\n\n<figure class=\"wp-block-image size-full is-resized\"><img decoding=\"async\" src=\"https:\/\/lygosclinic.com\/wp-content\/uploads\/2025\/01\/conor-mcgregor-sac-ekimi-yaptirdi-mi.webp\" alt=\"Conor McGregor Sa\u00e7 Ekimi Yapt\u0131rd\u0131 m\u0131?\" class=\"wp-image-77483\" style=\"height:auto\" title=\"\"><\/figure>\n\n\n\n<p style=\"font-size:14px;text-align:justify;line-height:28px;color:#494949;margin-top:2px;letter-spacing:-0.15px;\"><b>Conor McGregor\u2019un sa\u00e7 ekimi yapt\u0131r\u0131p yapt\u0131rmad\u0131\u011f\u0131<\/b> sorusu, s\u0131k\u00e7a tart\u0131\u015f\u0131lan bir konu olmu\u015ftur. McGregor a\u00e7\u0131k\u00e7a bir sa\u00e7 ekimi yapt\u0131rd\u0131\u011f\u0131n\u0131 do\u011frulamasa da, sa\u00e7 \u00e7izgisindeki belirgin iyile\u015fme, bu prosed\u00fcr\u00fc uygulatt\u0131\u011f\u0131na dair g\u00fc\u00e7l\u00fc bir kan\u0131t olarak g\u00f6sterilmektedir.<\/p>\n\n\n\n<p style=\"font-size:14px;text-align:justify;line-height:28px;color:#494949;margin-top:2px;letter-spacing:-0.15px;\">Sa\u00e7 ekimleri, \u00fcnl\u00fcler aras\u0131nda giderek daha pop\u00fcler hale gelmektedir ve <b>McGregor\u2019un g\u00f6r\u00fcn\u00fcr d\u00f6n\u00fc\u015f\u00fcm\u00fc<\/b>, modern sa\u00e7 restorasyon y\u00f6ntemlerinin ne kadar etkili oldu\u011funu g\u00f6stermektedir. G\u00f6zlemciler, sa\u00e7 yo\u011funlu\u011fundaki tutarl\u0131l\u0131\u011f\u0131 ve do\u011fal sa\u00e7 \u00e7izgisi g\u00f6r\u00fcn\u00fcm\u00fcn\u00fc, ba\u015far\u0131l\u0131 bir ekimin belirtileri olarak de\u011ferlendirmi\u015ftir. <b>Conor McGregor sa\u00e7 ekimi<\/b>, ba\u015far\u0131l\u0131 sa\u00e7 restorasyonlar\u0131 tart\u0131\u015f\u0131ld\u0131\u011f\u0131nda s\u0131k\u00e7a kar\u015f\u0131m\u0131za \u00e7\u0131kmaktad\u0131r.<\/p>\n\n\n\n<h2 class=\"wp-block-heading\" style=\"color:#383838;font-size:22px;margin-top:5px;text-decoration:underline #4A5E6E;text-underline-offset:11px;font-weight:500;line-height:45px;\">Conor McGregor Sa\u00e7 Ekimi \u00d6ncesi ve Sonras\u0131<\/h2>\n\n\n\n<figure class=\"wp-block-image size-full is-resized\"><img decoding=\"async\" src=\"https:\/\/lygosclinic.com\/wp-content\/uploads\/2025\/01\/conor-mcgregor-sac-ekimi-oncesi-ve-sonrasi.webp\" alt=\"Conor McGregor Sa\u00e7 Ekimi \u00d6ncesi ve Sonras\u0131\" class=\"wp-image-77483\" style=\"height:auto\" title=\"\"><\/figure>\n\n\n\n<p style=\"font-size:14px;text-align:justify;line-height:28px;color:#494949;margin-top:5px;letter-spacing:-0.15px;\"><b>Conor McGregor sa\u00e7 ekimi <\/b>\u00f6ncesinde, sa\u00e7 \u00e7izgisi belirgin \u015fekilde incelmi\u015f ve \u00f6zellikle \u015fakaklarda gerilemi\u015fti. Erken d\u00f6v\u00fc\u015f kariyerinden foto\u011fraflarda, erkek tipi kellik ya\u015fayan bir\u00e7ok erkekte g\u00f6r\u00fclen belirgin bir sa\u00e7 d\u00f6k\u00fclme modeli mevcuttur.<\/p>\n\n\n\n<ul style=\"color:#494949\" class=\"wp-block-list has-text-color has-link-color wp-elements-f1bf99bd5ca6398015856b99310ebaa5\">\n<li><strong>G\u00f6r\u00fcn\u00fcr Sa\u00e7 D\u00f6k\u00fclmesi<\/strong>: McGregor\u2019un erken foto\u011fraflar\u0131nda, \u00f6zellikle \u015fakak \u00e7evresinde incelme ve gerileyen bir sa\u00e7 \u00e7izgisi g\u00f6r\u00fclmektedir.<\/li>\n\n\n\n<li><strong>Erkek Tipi Kellik<\/strong>: Sa\u00e7 d\u00f6k\u00fclme modeli, erkek tipi kellik gibi yayg\u0131n bir genetik durumu yans\u0131tmaktad\u0131r.<\/li>\n<\/ul>\n\n\n\n<p style=\"font-size:14px;text-align:justify;line-height:28px;color:#494949;margin-top:5px;letter-spacing:-0.15px;\">\u015e\u00fcphe edilen prosed\u00fcr sonras\u0131nda, <b>McGregor\u2019un sa\u00e7 \u00e7izgisi<\/b> \u00e7ok daha dolgun ve belirgin g\u00f6r\u00fcnmektedir. Bir zamanlar belirgin incelmeler g\u00f6r\u00fclen \u015fakaklar, \u015fimdi yo\u011fun ve e\u015fit sa\u00e7la kaplanm\u0131\u015ft\u0131r. Bu de\u011fi\u015fiklikler, hayranlar ve <b>sa\u00e7 restorasyon<\/b> uzmanlar\u0131n\u0131 ba\u015far\u0131l\u0131 bir sa\u00e7 ekimi ge\u00e7irdi\u011fine inand\u0131rm\u0131\u015ft\u0131r.<\/p>\n\n\n\n<ul style=\"color:#494949\" class=\"wp-block-list has-text-color has-link-color wp-elements-17d688742f653a04add1639ed2fcedc9\">\n<li><strong>Daha Dolgun Sa\u00e7 \u00c7izgisi<\/strong>: Ekimi takiben, McGregor\u2019un \u015fakaklar\u0131 ve sa\u00e7 \u00e7izgisi yo\u011fun ve e\u015fit sa\u00e7la kaplanm\u0131\u015ft\u0131r.<\/li>\n\n\n\n<li><strong>Do\u011fal G\u00f6r\u00fcn\u00fcm<\/strong>: Sonu\u00e7lar, &#8220;\u015fi\u015fe&#8221; g\u00f6r\u00fcn\u00fcm\u00fcn\u00fc engelleyerek sa\u00e7 restorasyonundaki ilerlemeleri sergilemektedir.<\/li>\n<\/ul>\n\n\n\n<p style=\"font-size:14px;text-align:justify;line-height:28px;color:#494949;margin-top:5px;letter-spacing:-0.15px;\">Onun \u00f6nce ve sonras\u0131 foto\u011fraflar\u0131, <b>sa\u00e7 restorasyon tekniklerindeki<\/b> \u00f6nemli ilerlemeleri g\u00f6zler \u00f6n\u00fcne sermektedir. McGregor\u2019un sonu\u00e7lar\u0131, eski y\u00f6ntemlere ba\u011fl\u0131 olan &#8220;\u015fi\u015fe&#8221; g\u00f6r\u00fcn\u00fcm\u00fcn\u00fc engelleyerek do\u011fal bir g\u00f6r\u00fcn\u00fcm sergilemektedir. Restorasyon yap\u0131lan sa\u00e7 \u00e7izgisi, do\u011fal sa\u00e7\u0131yla sorunsuz bir \u015fekilde b\u00fct\u00fcnle\u015fmekte ve g\u00f6r\u00fcn\u00fcm\u00fcn\u00fc yapay olmayan \u015fekilde g\u00fczelle\u015ftirmektedir. <b>Conor McGregor sa\u00e7 ekimi<\/b>, b\u00f6yle d\u00f6n\u00fc\u015f\u00fcmlerin analizlerinde s\u0131k\u00e7a g\u00fcndeme gelmektedir.<\/p>\n\n\n\n<h2 class=\"wp-block-heading\" style=\"color:#383838;font-size:22px;margin-top:5px;text-decoration:underline #4A5E6E;text-underline-offset:11px;font-weight:500;line-height:45px;\">Hangi Teknik Kullan\u0131ld\u0131?<\/h2>\n\n\n\n<figure class=\"wp-block-image size-full is-resized\"><img decoding=\"async\" src=\"https:\/\/lygosclinic.com\/wp-content\/uploads\/2025\/01\/hangi-teknik-kullanildi-2.webp\" alt=\"Hangi Teknik Kullan\u0131ld\u0131?\" class=\"wp-image-77483\" style=\"height:auto\" title=\"\"><\/figure>\n\n\n\n<p style=\"font-size:14px;text-align:justify;line-height:28px;color:#494949;margin-top:5px;letter-spacing:-0.15px;\"><b>Conor McGregor sa\u00e7 ekimi<\/b> konu\u015fulurken, uzmanlar hangi tekni\u011fin kullan\u0131ld\u0131\u011f\u0131n\u0131 s\u0131kl\u0131kla tahmin etmektedir. Modern <b>sa\u00e7 restorasyonunda en yayg\u0131n kullan\u0131lan iki y\u00f6ntem Folik\u00fcler \u00dcnite Transplantasyonu<\/b> (FUT) ve Folik\u00fcler \u00dcnite Ekstraksiyonu (FUE)\u2019dir.<\/p>\n\n\n\n<ul style=\"color:#494949\" class=\"wp-block-list has-text-color has-link-color wp-elements-1e656f4d51cc0f7e91aec6f620b604f0\">\n<li><strong>FUT vs. FUE<\/strong>: FUT, bir sa\u00e7 derisi \u015feridinin \u00e7\u0131kar\u0131lmas\u0131n\u0131 i\u00e7erirken, FUE, bireysel folik\u00fcllerin ekstraksiyonunu yapar.<\/li>\n\n\n\n<li><strong>Do\u011fal G\u00f6r\u00fcn\u00fcm<\/strong>: McGregor\u2019un sonu\u00e7lar\u0131, belirgin izlerin olmamas\u0131 ve sorunsuz bir sa\u00e7 \u00e7izgisi nedeniyle FUE\u2019yi i\u015faret etmektedir.<\/li>\n<\/ul>\n\n\n\n<p style=\"font-size:14px;text-align:justify;line-height:28px;color:#494949;margin-top:5px;letter-spacing:-0.15px;\"><b>McGregor\u2019un sa\u00e7 \u00e7izgisinin<\/b> do\u011fal g\u00f6r\u00fcn\u00fcm\u00fc ve belirgin izlerin olmamas\u0131 g\u00f6z \u00f6n\u00fcnde bulunduruldu\u011funda, muhtemelen FUE y\u00f6ntemi kullan\u0131lm\u0131\u015ft\u0131r. FUE, sa\u00e7 k\u00f6klerini (genellikle sa\u00e7 derisinin arka k\u0131sm\u0131ndan) alarak al\u0131c\u0131 b\u00f6lgeye ekmeyi i\u00e7erir. Bu y\u00f6ntem, FUT\u2019a g\u00f6re daha az invazivdir ve daha h\u0131zl\u0131 bir iyile\u015fme s\u00fcresi sa\u011flar.<\/p>\n\n\n\n<ul style=\"color:#494949\" class=\"wp-block-list has-text-color has-link-color wp-elements-bae0a4ef807e433d46418b685e86700c\">\n<li><strong>Minimal \u0130nvaziv<\/strong>: FUE, daha h\u0131zl\u0131 iyile\u015fme ve iz b\u0131rakmaz.<\/li>\n\n\n\n<li><strong>Y\u00fcksek Yo\u011funlukta Kapama<\/strong>: Geli\u015fmi\u015f FUE teknikleri, McGregor\u2019un durumunda oldu\u011fu gibi daha dolgun bir sa\u00e7 \u00e7izgisi sa\u011flar.<\/li>\n<\/ul>\n\n\n\n<p style=\"font-size:14px;text-align:justify;line-height:28px;color:#494949;margin-top:5px;letter-spacing:-0.15px;\">FUE, McGregor gibi y\u00fcksek profilli bireyler aras\u0131nda pop\u00fclerdir \u00e7\u00fcnk\u00fc lineer iz b\u0131rakmaz ve do\u011fal bir g\u00f6r\u00fcn\u00fcm sunar. Ayr\u0131ca, teknikteki ilerlemeler, y\u00fcksek yo\u011funlukta sa\u00e7 kapama elde edilmesini sa\u011flam\u0131\u015ft\u0131r ve bu, McGregor\u2019un etkileyici d\u00f6n\u00fc\u015f\u00fcm\u00fcyle uyumludur. <b>Conor McGregor sa\u00e7 ekimi<\/b>, benzer prosed\u00fcrleri d\u00fc\u015f\u00fcnenler i\u00e7in bir referans noktas\u0131 haline gelmi\u015ftir.<\/p>\n\n\n\n<h2 class=\"wp-block-heading\" style=\"color:#383838;font-size:22px;margin-top:5px;text-decoration:underline #4A5E6E;text-underline-offset:11px;font-weight:500;line-height:45px;\">Conor McGregor\u2019a Ka\u00e7 Graft Sa\u00e7 Ekimi Yap\u0131ld\u0131?<\/h2>\n\n\n\n<figure class=\"wp-block-image size-full is-resized\"><img decoding=\"async\" src=\"https:\/\/lygosclinic.com\/wp-content\/uploads\/2025\/01\/conor-mcgregora-kac-graft-sac-ekimi-yapildi.webp\" alt=\"Conor McGregor\u2019a Ka\u00e7 Graft Sa\u00e7 Ekimi Yap\u0131ld\u0131?\" class=\"wp-image-77483\" style=\"height:auto\" title=\"\"><\/figure>\n\n\n\n<p style=\"font-size:14px;text-align:justify;line-height:28px;color:#494949;margin-top:5px;letter-spacing:-0.15px;\"><b>Conor McGregor\u2019un sa\u00e7 ekiminde<\/b> kullan\u0131lan graft say\u0131s\u0131n\u0131 kesin olarak tahmin etmek, resmi bir do\u011frulama olmadan zordur. Ancak, uzmanlar, onun prosed\u00fcr\u00fcn\u00fcn genellikle <b>2.000 ila 3.000 graft <\/b>aras\u0131nda olabilece\u011fini tahmin etmektedir. Bu tahmin, \u00f6nceki foto\u011fraflarda g\u00f6r\u00fclen sa\u00e7 d\u00f6k\u00fclme derecesi ve restore edilen sa\u00e7 \u00e7izgisinin yo\u011funlu\u011funa dayanmaktad\u0131r.<\/p>\n\n\n\n<ul style=\"color:#494949\" class=\"wp-block-list has-text-color has-link-color wp-elements-5ba9adc0407ff14d93bebb399c05f6d2\">\n<li><strong>Tahmin Edilen Graft Say\u0131s\u0131<\/strong>: Uzmanlar, 2.000-3.000 graft kullan\u0131labilece\u011fini \u00f6ng\u00f6rmektedir.<\/li>\n\n\n\n<li><strong>Graft Ba\u015f\u0131na Sa\u00e7 K\u00f6k\u00fc Say\u0131s\u0131<\/strong>: Her graft genellikle bir ila d\u00f6rt sa\u00e7 k\u00f6k\u00fc i\u00e7erir, bu da istenen yo\u011funluk ve sonuca ba\u011fl\u0131d\u0131r.<\/li>\n<\/ul>\n\n\n\n<p style=\"font-size:14px;text-align:justify;line-height:28px;color:#494949;margin-top:5px;letter-spacing:-0.15px;\">Gerekli graft say\u0131s\u0131, ne kadar sa\u00e7 kaybedildi\u011fine ve elde edilmek istenen yo\u011funluk seviyesine ba\u011fl\u0131d\u0131r. McGregor gibi, do\u011fal ve dolgun bir g\u00f6r\u00fcn\u00fcm isteyen bir ki\u015fi i\u00e7in, 2.000 ila 3.000 graft aras\u0131nda bir tahmin makul g\u00f6r\u00fcnmektedir.<\/p>\n\n\n\n<ul style=\"color:#494949\" class=\"wp-block-list has-text-color has-link-color wp-elements-c0ee14df5f25ff81115a3525514f7b5a\">\n<li><strong>Uzman Uygulama<\/strong>: Sonu\u00e7lar, prosed\u00fcr\u00fcn deneyimli bir profesyonel taraf\u0131ndan yap\u0131ld\u0131\u011f\u0131n\u0131 g\u00f6stermektedir.<\/li>\n\n\n\n<li><strong>Do\u011fal Sonu\u00e7<\/strong>: Restorasyon yap\u0131lan sa\u00e7 \u00e7izgisi dengeli ve ger\u00e7ek\u00e7i g\u00f6r\u00fcnmektedir.<\/li>\n<\/ul>\n\n\n\n<p style=\"font-size:14px;text-align:justify;line-height:28px;color:#494949;margin-top:5px;letter-spacing:-0.15px;\">Sonu\u00e7lar, prosed\u00fcr\u00fcn yetenekli bir profesyonel taraf\u0131ndan yap\u0131ld\u0131\u011f\u0131n\u0131 ve <b>McGregor\u2019un sa\u00e7 \u00e7izgisinin<\/b> do\u011fal ve dengeli g\u00f6r\u00fcnd\u00fc\u011f\u00fcn\u00fc g\u00f6stermektedir. Sa\u00e7 ekimleri, bir yat\u0131r\u0131m olup, McGregor\u2019un sonu\u00e7lar\u0131, bu ileri d\u00fczey kozmetik prosed\u00fcr\u00fcn d\u00f6n\u00fc\u015ft\u00fcr\u00fcc\u00fc g\u00fcc\u00fcn\u00fc sergilemektedir. &#8220;<b>Conor McGregor sa\u00e7 ekimi<\/b>&#8220;, art\u0131k sa\u00e7 restorasyon alan\u0131nda m\u00fckemmel sonu\u00e7larla \u00f6zde\u015fle\u015fmi\u015ftir.<\/p>\n\n\n\n<div class=\"wp-block-buttons is-content-justification-center is-layout-flex wp-container-core-buttons-is-layout-16018d1d wp-block-buttons-is-layout-flex\">\n<div class=\"wp-block-button blog-button-tr\"><a class=\"wp-block-button__link has-white-color has-black-background-color has-text-color has-background has-link-color has-text-align-center wp-element-button\" href=\"https:\/\/lygosclinic.com\/tr\/iletisim\/\" style=\"border-radius:5px\">Bizimle ileti\u015fime ge\u00e7in<\/a><\/div>\n<\/div>\n\n\n\n<h4 class=\"wp-block-heading\" style=\"text-decoration:underline #4A5E6E;text-underline-offset:15px;font-size:21px;margin-bottom:25px;margin-top:30px;\">Ses Kayd\u0131n\u0131 Oynat<\/h4>\n\n\n\n<div class=\"scloud\"><figure class=\"wp-block-embed is-type-rich is-provider-soundcloud wp-block-embed-soundcloud\"><div class=\"wp-block-embed__wrapper\">\r\n<iframe loading=\"lazy\" title=\"Conor McGregor Sa\u00e7 Ekimi by LYGOS CLINIC\" width=\"500\" height=\"400\" scrolling=\"no\" frameborder=\"no\" src=\"https:\/\/w.soundcloud.com\/player\/?visual=true&#038;url=https%3A%2F%2Fapi.soundcloud.com%2Ftracks%2F2021589881&#038;show_artwork=true&#038;maxheight=750&#038;maxwidth=500\"><\/iframe>\r\n<\/div><\/figure>\r\n<\/div>\n\n\n\n<h4 class=\"wp-block-heading\" style=\"text-decoration:underline #4A5E6E;text-underline-offset:15px;font-size:21px;margin-bottom:25px;margin-top:30px;\">PDF Dosyas\u0131n\u0131 Oku<\/h4>\n\n\n\n\n\n\n<h2 class=\"wp-block-heading\" style=\"color:#383838;font-size:20px;text-decoration:underline #4A5E6E;text-underline-offset:11px;font-weight:500;line-height:45px;margin-top:30px;\">Conor McGregor Sa\u00e7 Ekimi SSS<br\/> (S\u0131k\u00e7a Sorulan Sorular)<\/h2>\n\n\n\t\t\t<link rel=\"stylesheet\" id=\"elementor-post-94470-css\" href=\"https:\/\/lygosclinic.com\/wp-content\/uploads\/elementor\/css\/post-94470.css?ver=1777061792\" type=\"text\/css\" media=\"all\">\n\t\t\t\t\t<div data-elementor-type=\"wp-post\" data-elementor-id=\"94470\" class=\"elementor elementor-94470 elementor-94465\" data-elementor-post-type=\"cms_block\">\n\t\t\t\t\t\t<section class=\"wd-negative-gap elementor-section elementor-top-section elementor-element elementor-element-7482fc1 elementor-section-boxed elementor-section-height-default elementor-section-height-default\" data-id=\"7482fc1\" data-element_type=\"section\" data-e-type=\"section\">\n\t\t\t\t\t\t<div class=\"elementor-container elementor-column-gap-default\">\n\t\t\t\t\t<div class=\"elementor-column elementor-col-100 elementor-top-column elementor-element elementor-element-c3ed5d1\" data-id=\"c3ed5d1\" data-element_type=\"column\" data-e-type=\"column\">\n\t\t\t<div class=\"elementor-widget-wrap elementor-element-populated\">\n\t\t\t\t\t\t<div class=\"elementor-element elementor-element-90e94a6 elementor-widget elementor-widget-toggle\" data-id=\"90e94a6\" data-element_type=\"widget\" data-e-type=\"widget\" data-widget_type=\"toggle.default\">\n\t\t\t\t\t\t\t<div class=\"elementor-toggle\">\n\t\t\t\t\t\t\t<div class=\"elementor-toggle-item\">\n\t\t\t\t\t<div id=\"elementor-tab-title-1511\" class=\"elementor-tab-title\" data-tab=\"1\" role=\"button\" aria-controls=\"elementor-tab-content-1511\" aria-expanded=\"false\">\n\t\t\t\t\t\t\t\t\t\t\t\t<span class=\"elementor-toggle-icon elementor-toggle-icon-left\" aria-hidden=\"true\">\n\t\t\t\t\t\t\t\t\t\t\t\t\t\t\t<span class=\"elementor-toggle-icon-closed\"><i class=\"fas fa-plus\"><\/i><\/span>\n\t\t\t\t\t\t\t\t<span class=\"elementor-toggle-icon-opened\"><i class=\"elementor-toggle-icon-opened fas fa-plus\"><\/i><\/span>\n\t\t\t\t\t\t\t\t\t\t\t\t\t<\/span>\n\t\t\t\t\t\t\t\t\t\t\t\t<a class=\"elementor-toggle-title\" tabindex=\"0\">Conor McGregor sa\u00e7 ekimi yapt\u0131rd\u0131 m\u0131?<\/a>\n\t\t\t\t\t<\/div>\n\n\t\t\t\t\t<div id=\"elementor-tab-content-1511\" class=\"elementor-tab-content elementor-clearfix\" data-tab=\"1\" role=\"region\" aria-labelledby=\"elementor-tab-title-1511\"><p style=\"text-align: justify;\">Conor McGregor, sa\u00e7 ekimi yapt\u0131rd\u0131\u011f\u0131n\u0131 kamuoyuna a\u00e7\u0131klamam\u0131\u015f olsa da, bir\u00e7ok g\u00f6zlemci sa\u00e7 \u00e7izgisindeki belirgin iyile\u015fmeyi fark etti ve bu durum, onun bir sa\u00e7 restorasyon prosed\u00fcr\u00fc ge\u00e7irdi\u011fi y\u00f6n\u00fcnde spek\u00fclasyonlara yol a\u00e7t\u0131.<\/p>\n<\/div>\n\t\t\t\t<\/div>\n\t\t\t\t\t\t\t<div class=\"elementor-toggle-item\">\n\t\t\t\t\t<div id=\"elementor-tab-title-1512\" class=\"elementor-tab-title\" data-tab=\"2\" role=\"button\" aria-controls=\"elementor-tab-content-1512\" aria-expanded=\"false\">\n\t\t\t\t\t\t\t\t\t\t\t\t<span class=\"elementor-toggle-icon elementor-toggle-icon-left\" aria-hidden=\"true\">\n\t\t\t\t\t\t\t\t\t\t\t\t\t\t\t<span class=\"elementor-toggle-icon-closed\"><i class=\"fas fa-plus\"><\/i><\/span>\n\t\t\t\t\t\t\t\t<span class=\"elementor-toggle-icon-opened\"><i class=\"elementor-toggle-icon-opened fas fa-plus\"><\/i><\/span>\n\t\t\t\t\t\t\t\t\t\t\t\t\t<\/span>\n\t\t\t\t\t\t\t\t\t\t\t\t<a class=\"elementor-toggle-title\" tabindex=\"0\">Conor McGregor hangi tip sa\u00e7 ekimi yapt\u0131rd\u0131?<\/a>\n\t\t\t\t\t<\/div>\n\n\t\t\t\t\t<div id=\"elementor-tab-content-1512\" class=\"elementor-tab-content elementor-clearfix\" data-tab=\"2\" role=\"region\" aria-labelledby=\"elementor-tab-title-1512\"><p style=\"text-align: justify;\">Conor McGregor\u2019\u0131n Folik\u00fcler \u00dcnite Ekstraksiyonu (FUE) y\u00f6ntemiyle sa\u00e7 ekimi yapt\u0131rm\u0131\u015f olabilece\u011fi spek\u00fcle ediliyor. Bu y\u00f6ntem, ba\u011f\u0131\u015f\u0131kl\u0131k alan\u0131ndan tek tek sa\u00e7 folik\u00fcllerini \u00e7\u0131kar\u0131p incelen alanlara eklemeyi i\u00e7erir ve minimal iz b\u0131rakarak do\u011fal g\u00f6r\u00fcn\u00fcml\u00fc sonu\u00e7lar elde edilmesini sa\u011flar.<\/p>\n<\/div>\n\t\t\t\t<\/div>\n\t\t\t\t\t\t\t<div class=\"elementor-toggle-item\">\n\t\t\t\t\t<div id=\"elementor-tab-title-1513\" class=\"elementor-tab-title\" data-tab=\"3\" role=\"button\" aria-controls=\"elementor-tab-content-1513\" aria-expanded=\"false\">\n\t\t\t\t\t\t\t\t\t\t\t\t<span class=\"elementor-toggle-icon elementor-toggle-icon-left\" aria-hidden=\"true\">\n\t\t\t\t\t\t\t\t\t\t\t\t\t\t\t<span class=\"elementor-toggle-icon-closed\"><i class=\"fas fa-plus\"><\/i><\/span>\n\t\t\t\t\t\t\t\t<span class=\"elementor-toggle-icon-opened\"><i class=\"elementor-toggle-icon-opened fas fa-plus\"><\/i><\/span>\n\t\t\t\t\t\t\t\t\t\t\t\t\t<\/span>\n\t\t\t\t\t\t\t\t\t\t\t\t<a class=\"elementor-toggle-title\" tabindex=\"0\">Conor McGregor ne kadar sa\u00e7 k\u00f6k\u00fc ekletmi\u015f olabilir?<\/a>\n\t\t\t\t\t<\/div>\n\n\t\t\t\t\t<div id=\"elementor-tab-content-1513\" class=\"elementor-tab-content elementor-clearfix\" data-tab=\"3\" role=\"region\" aria-labelledby=\"elementor-tab-title-1513\"><p style=\"text-align: justify;\">McGregor\u2019\u0131n prosed\u00fcr\u00fcnde kullan\u0131lan sa\u00e7 k\u00f6k\u00fc say\u0131s\u0131 kesin olarak bilinmemekle birlikte, uzmanlar, sa\u00e7 \u00e7izgisindeki g\u00f6zle g\u00f6r\u00fcl\u00fcr de\u011fi\u015fikliklere ve sonras\u0131 yo\u011funlu\u011fa dayanarak, 2.000 ile 3.000 aras\u0131nda sa\u00e7 k\u00f6k\u00fc eklenmi\u015f olabilece\u011fini tahmin ediyor.<\/p>\n<\/div>\n\t\t\t\t<\/div>\n\t\t\t\t\t\t\t<div class=\"elementor-toggle-item\">\n\t\t\t\t\t<div id=\"elementor-tab-title-1514\" class=\"elementor-tab-title\" data-tab=\"4\" role=\"button\" aria-controls=\"elementor-tab-content-1514\" aria-expanded=\"false\">\n\t\t\t\t\t\t\t\t\t\t\t\t<span class=\"elementor-toggle-icon elementor-toggle-icon-left\" aria-hidden=\"true\">\n\t\t\t\t\t\t\t\t\t\t\t\t\t\t\t<span class=\"elementor-toggle-icon-closed\"><i class=\"fas fa-plus\"><\/i><\/span>\n\t\t\t\t\t\t\t\t<span class=\"elementor-toggle-icon-opened\"><i class=\"elementor-toggle-icon-opened fas fa-plus\"><\/i><\/span>\n\t\t\t\t\t\t\t\t\t\t\t\t\t<\/span>\n\t\t\t\t\t\t\t\t\t\t\t\t<a class=\"elementor-toggle-title\" tabindex=\"0\">Conor McGregor sa\u00e7 ekimi sonras\u0131 hangi sonu\u00e7lar\u0131 elde etti?<\/a>\n\t\t\t\t\t<\/div>\n\n\t\t\t\t\t<div id=\"elementor-tab-content-1514\" class=\"elementor-tab-content elementor-clearfix\" data-tab=\"4\" role=\"region\" aria-labelledby=\"elementor-tab-title-1514\"><p style=\"text-align: justify;\">Prosed\u00fcrden sonra, Conor McGregor\u2019\u0131n sa\u00e7 \u00e7izgisi daha dolgun g\u00f6r\u00fcnmeye ba\u015flad\u0131 ve bir zamanlar incelen b\u00f6lgelerde, \u00f6zellikle \u015fakaklar\u0131nda belirgin bir iyile\u015fme oldu. Sonu\u00e7lar do\u011fal g\u00f6r\u00fcn\u00fcml\u00fc ve mevcut sa\u00e7lar\u0131yla uyumlu bir \u015fekilde birle\u015fiyor.<\/p>\n<\/div>\n\t\t\t\t<\/div>\n\t\t\t\t\t\t\t<div class=\"elementor-toggle-item\">\n\t\t\t\t\t<div id=\"elementor-tab-title-1515\" class=\"elementor-tab-title\" data-tab=\"5\" role=\"button\" aria-controls=\"elementor-tab-content-1515\" aria-expanded=\"false\">\n\t\t\t\t\t\t\t\t\t\t\t\t<span class=\"elementor-toggle-icon elementor-toggle-icon-left\" aria-hidden=\"true\">\n\t\t\t\t\t\t\t\t\t\t\t\t\t\t\t<span class=\"elementor-toggle-icon-closed\"><i class=\"fas fa-plus\"><\/i><\/span>\n\t\t\t\t\t\t\t\t<span class=\"elementor-toggle-icon-opened\"><i class=\"elementor-toggle-icon-opened fas fa-plus\"><\/i><\/span>\n\t\t\t\t\t\t\t\t\t\t\t\t\t<\/span>\n\t\t\t\t\t\t\t\t\t\t\t\t<a class=\"elementor-toggle-title\" tabindex=\"0\">Conor McGregor'un sa\u00e7 ekimi neden bu kadar pop\u00fcler?<\/a>\n\t\t\t\t\t<\/div>\n\n\t\t\t\t\t<div id=\"elementor-tab-content-1515\" class=\"elementor-tab-content elementor-clearfix\" data-tab=\"5\" role=\"region\" aria-labelledby=\"elementor-tab-title-1515\"><p style=\"text-align: justify;\">McGregor\u2019\u0131n d\u00f6n\u00fc\u015f\u00fcm\u00fc, kamuoyundaki y\u00fcksek profili nedeniyle dikkat \u00e7ekti. Sa\u00e7 ekimi, FUE gibi geli\u015fmi\u015f tekniklerin nas\u0131l ince ama etkili sonu\u00e7lar verebilece\u011fini g\u00f6steren bir \u00f6rnek olarak \u00f6ne \u00e7\u0131k\u0131yor ve bu da benzer prosed\u00fcrleri d\u00fc\u015f\u00fcnenler i\u00e7in bir referans noktas\u0131 haline gelmi\u015f durumda.<\/p>\n<\/div>\n\t\t\t\t<\/div>\n\t\t\t\t\t\t\t\t\t\t<script type=\"application\/ld+json\">{\"@context\":\"https:\\\/\\\/schema.org\",\"@type\":\"FAQPage\",\"mainEntity\":[{\"@type\":\"Question\",\"name\":\"Conor McGregor sa\\u00e7 ekimi yapt\\u0131rd\\u0131 m\\u0131?\",\"acceptedAnswer\":{\"@type\":\"Answer\",\"text\":\"<p style=\\\"text-align: justify;\\\">Conor McGregor, sa\\u00e7 ekimi yapt\\u0131rd\\u0131\\u011f\\u0131n\\u0131 kamuoyuna a\\u00e7\\u0131klamam\\u0131\\u015f olsa da, bir\\u00e7ok g\\u00f6zlemci sa\\u00e7 \\u00e7izgisindeki belirgin iyile\\u015fmeyi fark etti ve bu durum, onun bir sa\\u00e7 restorasyon prosed\\u00fcr\\u00fc ge\\u00e7irdi\\u011fi y\\u00f6n\\u00fcnde spek\\u00fclasyonlara yol a\\u00e7t\\u0131.<\\\/p>\\n\"}},{\"@type\":\"Question\",\"name\":\"Conor McGregor hangi tip sa\\u00e7 ekimi yapt\\u0131rd\\u0131?\",\"acceptedAnswer\":{\"@type\":\"Answer\",\"text\":\"<p style=\\\"text-align: justify;\\\">Conor McGregor\\u2019\\u0131n Folik\\u00fcler \\u00dcnite Ekstraksiyonu (FUE) y\\u00f6ntemiyle sa\\u00e7 ekimi yapt\\u0131rm\\u0131\\u015f olabilece\\u011fi spek\\u00fcle ediliyor. Bu y\\u00f6ntem, ba\\u011f\\u0131\\u015f\\u0131kl\\u0131k alan\\u0131ndan tek tek sa\\u00e7 folik\\u00fcllerini \\u00e7\\u0131kar\\u0131p incelen alanlara eklemeyi i\\u00e7erir ve minimal iz b\\u0131rakarak do\\u011fal g\\u00f6r\\u00fcn\\u00fcml\\u00fc sonu\\u00e7lar elde edilmesini sa\\u011flar.<\\\/p>\\n\"}},{\"@type\":\"Question\",\"name\":\"Conor McGregor ne kadar sa\\u00e7 k\\u00f6k\\u00fc ekletmi\\u015f olabilir?\",\"acceptedAnswer\":{\"@type\":\"Answer\",\"text\":\"<p style=\\\"text-align: justify;\\\">McGregor\\u2019\\u0131n prosed\\u00fcr\\u00fcnde kullan\\u0131lan sa\\u00e7 k\\u00f6k\\u00fc say\\u0131s\\u0131 kesin olarak bilinmemekle birlikte, uzmanlar, sa\\u00e7 \\u00e7izgisindeki g\\u00f6zle g\\u00f6r\\u00fcl\\u00fcr de\\u011fi\\u015fikliklere ve sonras\\u0131 yo\\u011funlu\\u011fa dayanarak, 2.000 ile 3.000 aras\\u0131nda sa\\u00e7 k\\u00f6k\\u00fc eklenmi\\u015f olabilece\\u011fini tahmin ediyor.<\\\/p>\\n\"}},{\"@type\":\"Question\",\"name\":\"Conor McGregor sa\\u00e7 ekimi sonras\\u0131 hangi sonu\\u00e7lar\\u0131 elde etti?\",\"acceptedAnswer\":{\"@type\":\"Answer\",\"text\":\"<p style=\\\"text-align: justify;\\\">Prosed\\u00fcrden sonra, Conor McGregor\\u2019\\u0131n sa\\u00e7 \\u00e7izgisi daha dolgun g\\u00f6r\\u00fcnmeye ba\\u015flad\\u0131 ve bir zamanlar incelen b\\u00f6lgelerde, \\u00f6zellikle \\u015fakaklar\\u0131nda belirgin bir iyile\\u015fme oldu. Sonu\\u00e7lar do\\u011fal g\\u00f6r\\u00fcn\\u00fcml\\u00fc ve mevcut sa\\u00e7lar\\u0131yla uyumlu bir \\u015fekilde birle\\u015fiyor.<\\\/p>\\n\"}},{\"@type\":\"Question\",\"name\":\"Conor McGregor'un sa\\u00e7 ekimi neden bu kadar pop\\u00fcler?\",\"acceptedAnswer\":{\"@type\":\"Answer\",\"text\":\"<p style=\\\"text-align: justify;\\\">McGregor\\u2019\\u0131n d\\u00f6n\\u00fc\\u015f\\u00fcm\\u00fc, kamuoyundaki y\\u00fcksek profili nedeniyle dikkat \\u00e7ekti. Sa\\u00e7 ekimi, FUE gibi geli\\u015fmi\\u015f tekniklerin nas\\u0131l ince ama etkili sonu\\u00e7lar verebilece\\u011fini g\\u00f6steren bir \\u00f6rnek olarak \\u00f6ne \\u00e7\\u0131k\\u0131yor ve bu da benzer prosed\\u00fcrleri d\\u00fc\\u015f\\u00fcnenler i\\u00e7in bir referans noktas\\u0131 haline gelmi\\u015f durumda.<\\\/p>\\n\"}}]}<\/script>\n\t\t\t\t\t<\/div>\n\t\t\t\t\t\t<\/div>\n\t\t\t\t\t<\/div>\n\t\t<\/div>\n\t\t\t\t\t<\/div>\n\t\t<\/section>\n\t\t\t\t<\/div>\n\t\t\n\n\n\n<p><\/p>\n","protected":false},"excerpt":{"rendered":"<p>Conor McGregor Sa\u00e7 Ekimi Sa\u00e7 ekimleri, \u00f6zellikle \u00fcnl\u00fclerin d\u00f6n\u00fc\u015f\u00fcmleriyle dikkat \u00e7ekerken pop\u00fcler bir konu haline geldi. B\u00f6yle bir \u00f6rnek, cesur<\/p>\n","protected":false},"author":6,"featured_media":94449,"comment_status":"open","ping_status":"open","sticky":false,"template":"","format":"standard","meta":{"footnotes":""},"categories":[167,181,351,311],"tags":[687,688],"class_list":["post-94432","post","type-post","status-publish","format-standard","has-post-thumbnail","hentry","category-kategoriler","category-hair-transplant","category-hair-transplant-tr","category-sac-ekimi","tag-conor-mcgregor-hair-transplant","tag-conor-mcgregor-sac-ekimi"],"_links":{"self":[{"href":"https:\/\/lygosclinic.com\/tr\/wp-json\/wp\/v2\/posts\/94432","targetHints":{"allow":["GET"]}}],"collection":[{"href":"https:\/\/lygosclinic.com\/tr\/wp-json\/wp\/v2\/posts"}],"about":[{"href":"https:\/\/lygosclinic.com\/tr\/wp-json\/wp\/v2\/types\/post"}],"author":[{"embeddable":true,"href":"https:\/\/lygosclinic.com\/tr\/wp-json\/wp\/v2\/users\/6"}],"replies":[{"embeddable":true,"href":"https:\/\/lygosclinic.com\/tr\/wp-json\/wp\/v2\/comments?post=94432"}],"version-history":[{"count":4,"href":"https:\/\/lygosclinic.com\/tr\/wp-json\/wp\/v2\/posts\/94432\/revisions"}],"predecessor-version":[{"id":94477,"href":"https:\/\/lygosclinic.com\/tr\/wp-json\/wp\/v2\/posts\/94432\/revisions\/94477"}],"wp:featuredmedia":[{"embeddable":true,"href":"https:\/\/lygosclinic.com\/tr\/wp-json\/wp\/v2\/media\/94449"}],"wp:attachment":[{"href":"https:\/\/lygosclinic.com\/tr\/wp-json\/wp\/v2\/media?parent=94432"}],"wp:term":[{"taxonomy":"category","embeddable":true,"href":"https:\/\/lygosclinic.com\/tr\/wp-json\/wp\/v2\/categories?post=94432"},{"taxonomy":"post_tag","embeddable":true,"href":"https:\/\/lygosclinic.com\/tr\/wp-json\/wp\/v2\/tags?post=94432"}],"curies":[{"name":"wp","href":"https:\/\/api.w.org\/{rel}","templated":true}]}}